{"id":7565,"date":"2025-07-15T13:00:21","date_gmt":"2025-07-15T12:00:21","guid":{"rendered":"https:\/\/informacionlocal.es\/la-oliva-accoglie-5-studenti-in-stage\/"},"modified":"2025-07-15T13:00:21","modified_gmt":"2025-07-15T12:00:21","slug":"la-oliva-accoglie-5-studenti-in-stage","status":"publish","type":"post","link":"https:\/\/informacionlocal.es\/it\/la-oliva-accoglie-5-studenti-in-stage\/","title":{"rendered":"La Oliva accoglie 5 studenti in stage"},"content":{"rendered":"<p>Il Municipio di La Oliva d\u00e0 il benvenuto a cinque studenti che iniziano il loro stage nell&#8217;ambito del programma di borse di studio di formazione pratica. Questa iniziativa \u00e8 promossa dal Dipartimento di Educazione del Cabildo di Fuerteventura, guidato da Adargoma Hern\u00e1ndez. I tirocini dureranno fino al 31 agosto 2025 e permetteranno ai partecipanti di fare esperienza in diversi dipartimenti comunali come Servizi Sociali, Commercio, Turismo, Stampa e Lavori e Servizi.  <\/p>\n<p>Il sindaco di La Oliva, Isa\u00ed Blanco, consiglia agli studenti di approfittare di questa prima esperienza di lavoro a contatto con il territorio sviluppata durante gli studi: &#8220;Siamo a disposizione di tutti voi per qualsiasi dubbio, domanda o suggerimento. Si tratta di una grande opportunit\u00e0 per conoscere il lavoro quotidiano in un Municipio, dandovi la possibilit\u00e0 di lavorare fianco a fianco con il personale del Concistoro&#8221;.<\/p>\n<p>L&#8217;Assessore al Personale e allo Sviluppo Locale, Alexandra Mart\u00edn, incaricata di dare il benvenuto ai nuovi stagisti, sottolinea l&#8217;importanza di offrire opportunit\u00e0 di formazione che colleghino la formazione accademica con la realt\u00e0 lavorativa. Secondo la Mart\u00edn, &#8220;il Comune di La Oliva non solo accoglie gli studenti, ma si impegna anche per la loro crescita professionale&#8221;, evidenziando che questi tirocini permettono ai giovani di conoscere il funzionamento dell&#8217;Amministrazione e di applicare le loro conoscenze in un ambiente reale. <\/p>\n<p>Oltre al lavoro quotidiano nelle diverse aree comunali, gli studenti riceveranno anche una formazione complementare in materia di orientamento professionale, competenze digitali e competenze per l&#8217;occupazione e l&#8217;imprenditorialit\u00e0, in coordinamento con altri enti pubblici dell&#8217;isola.  <\/p>\n<p>Con questa iniziativa, il Concistoro ribadisce il suo impegno per lo sviluppo dei giovani talenti e per una formazione che favorisca l&#8217;occupabilit\u00e0, rafforzando il suo impegno per un modello educativo pratico e collegato alle esigenze del mercato del lavoro.<\/p>\n","protected":false},"excerpt":{"rendered":"<p><span>Come ogni anno, il Concistoro riceve giovani specializzati in diversi settori per offrire loro una formazione pratica che li metta in contatto con la realt\u00e0 lavorativa del loro settore.<\/span><\/p>\n","protected":false},"author":1,"featured_media":7560,"comment_status":"open","ping_status":"open","sticky":false,"template":"","format":"standard","meta":{"inline_featured_image":false,"jnews-multi-image_gallery":[],"jnews_single_post":[],"jnews_primary_category":[],"jnews_social_meta":[],"jnews_override_counter":[],"jnews_post_split":[],"footnotes":""},"categories":[292],"tags":[309,223],"class_list":["post-7565","post","type-post","status-publish","format-standard","has-post-thumbnail","hentry","category-la-oliva-it","tag-educacion-it","tag-fuerteventura-it"],"jetpack_featured_media_url":"https:\/\/informacionlocal.es\/wp-content\/uploads\/2025\/07\/5223_5c1fa8fa.png","_links":{"self":[{"href":"https:\/\/informacionlocal.es\/it\/wp-json\/wp\/v2\/posts\/7565","targetHints":{"allow":["GET"]}}],"collection":[{"href":"https:\/\/informacionlocal.es\/it\/wp-json\/wp\/v2\/posts"}],"about":[{"href":"https:\/\/informacionlocal.es\/it\/wp-json\/wp\/v2\/types\/post"}],"author":[{"embeddable":true,"href":"https:\/\/informacionlocal.es\/it\/wp-json\/wp\/v2\/users\/1"}],"replies":[{"embeddable":true,"href":"https:\/\/informacionlocal.es\/it\/wp-json\/wp\/v2\/comments?post=7565"}],"version-history":[{"count":0,"href":"https:\/\/informacionlocal.es\/it\/wp-json\/wp\/v2\/posts\/7565\/revisions"}],"wp:featuredmedia":[{"embeddable":true,"href":"https:\/\/informacionlocal.es\/it\/wp-json\/wp\/v2\/media\/7560"}],"wp:attachment":[{"href":"https:\/\/informacionlocal.es\/it\/wp-json\/wp\/v2\/media?parent=7565"}],"wp:term":[{"taxonomy":"category","embeddable":true,"href":"https:\/\/informacionlocal.es\/it\/wp-json\/wp\/v2\/categories?post=7565"},{"taxonomy":"post_tag","embeddable":true,"href":"https:\/\/informacionlocal.es\/it\/wp-json\/wp\/v2\/tags?post=7565"}],"curies":[{"name":"wp","href":"https:\/\/api.w.org\/{rel}","templated":true}]}}