{"id":7539,"date":"2025-07-15T00:04:29","date_gmt":"2025-07-14T23:04:29","guid":{"rendered":"https:\/\/informacionlocal.es\/il-cabildo-migliora-le-strutture-dellimpianto-di-trasferimento-di-mal-nombre-e-del-punto-di-depurazione-di-mal-nombre\/"},"modified":"2025-07-15T00:04:29","modified_gmt":"2025-07-14T23:04:29","slug":"il-cabildo-migliora-le-strutture-dellimpianto-di-trasferimento-di-mal-nombre-e-del-punto-di-depurazione-di-mal-nombre","status":"publish","type":"post","link":"https:\/\/informacionlocal.es\/it\/il-cabildo-migliora-le-strutture-dellimpianto-di-trasferimento-di-mal-nombre-e-del-punto-di-depurazione-di-mal-nombre\/","title":{"rendered":"Il Cabildo migliora le strutture dell&#8217;impianto di trasferimento di Mal Nombre e del punto di depurazione di Mal Nombre."},"content":{"rendered":"<div class=\"entry-content\"><strong>14 luglio 2025<\/strong><\/p>\n<p>Il Consiglio dell&#8217;isola di Fuerteventura, attraverso il suo Dipartimento dei Rifiuti, ha migliorato le strutture dell&#8217;impianto di trasferimento di Mal Nombre e del punto di pulizia nel comune di P\u00e1jara, con lavori di asfaltatura per facilitare l&#8217;accesso agli utenti che vengono a depositare i loro rifiuti nel punto di pulizia.<\/p>\n<p>L&#8217;Assessore ai Rifiuti, Enrique P\u00e9rez, spiega che &#8220;questi lavori fanno parte del processo di miglioramento che la Corporazione insulare sta portando avanti nei diversi centri di riciclaggio, impianti e altre infrastrutture per i rifiuti&#8221;. In seguito a questi miglioramenti, le strutture saranno nuovamente aperte al pubblico e operative da domani, 15 luglio. <\/p>\n<p>Enrique P\u00e9rez sottolinea che &#8220;il Cabildo ha gi\u00e0 ricevuto il nuovo punto di raccolta mobile, che entrer\u00e0 in funzione nelle prossime settimane. Questo punto di pulizia mobile completer\u00e0 le installazioni fisse e porter\u00e0 il riciclaggio pi\u00f9 vicino a tutti i residenti di Fuerteventura&#8221;. Si prevede inoltre che presto saranno messi in funzione nuovi macchinari per rinnovare gli impianti di trasferimento dei rifiuti situati a Tuineje, Lajares (La Oliva) e Mal Nombre (P\u00e1jara). <\/p>\n<p>Negli impianti di trasferimento, di propriet\u00e0 della Corporazione dell&#8217;Isola, i rifiuti domestici provenienti dalla raccolta comunale vengono ricevuti, dopo essere stati pesati, e compattati in vista del trasferimento al Complesso Ambientale Zurita per il trattamento. Questo nuovo macchinario (tre trattori) adatter\u00e0 gli impianti di trasferimento alla raccolta selettiva dei rifiuti organici\/biowaste generati a Fuerteventura, noti come &#8220;quinto contenitore&#8221;. <\/p>\n<\/div>\n","protected":false},"excerpt":{"rendered":"<p>14 luglio 2025 Il Consiglio dell&#8217;isola di Fuerteventura, attraverso il suo Dipartimento dei Rifiuti, ha migliorato le strutture dell&#8217;impianto di trasferimento di Mal Nombre e del punto di pulizia nel [&hellip;]<\/p>\n","protected":false},"author":1,"featured_media":7536,"comment_status":"open","ping_status":"open","sticky":false,"template":"","format":"standard","meta":{"inline_featured_image":false,"jnews-multi-image_gallery":[],"jnews_single_post":[],"jnews_primary_category":[],"jnews_social_meta":[],"jnews_override_counter":[],"jnews_post_split":[],"footnotes":""},"categories":[289],"tags":[223],"class_list":["post-7539","post","type-post","status-publish","format-standard","has-post-thumbnail","hentry","category-cabildo-it","tag-fuerteventura-it"],"jetpack_featured_media_url":"https:\/\/informacionlocal.es\/wp-content\/uploads\/2025\/07\/wwwwwee.jpeg","_links":{"self":[{"href":"https:\/\/informacionlocal.es\/it\/wp-json\/wp\/v2\/posts\/7539","targetHints":{"allow":["GET"]}}],"collection":[{"href":"https:\/\/informacionlocal.es\/it\/wp-json\/wp\/v2\/posts"}],"about":[{"href":"https:\/\/informacionlocal.es\/it\/wp-json\/wp\/v2\/types\/post"}],"author":[{"embeddable":true,"href":"https:\/\/informacionlocal.es\/it\/wp-json\/wp\/v2\/users\/1"}],"replies":[{"embeddable":true,"href":"https:\/\/informacionlocal.es\/it\/wp-json\/wp\/v2\/comments?post=7539"}],"version-history":[{"count":0,"href":"https:\/\/informacionlocal.es\/it\/wp-json\/wp\/v2\/posts\/7539\/revisions"}],"wp:featuredmedia":[{"embeddable":true,"href":"https:\/\/informacionlocal.es\/it\/wp-json\/wp\/v2\/media\/7536"}],"wp:attachment":[{"href":"https:\/\/informacionlocal.es\/it\/wp-json\/wp\/v2\/media?parent=7539"}],"wp:term":[{"taxonomy":"category","embeddable":true,"href":"https:\/\/informacionlocal.es\/it\/wp-json\/wp\/v2\/categories?post=7539"},{"taxonomy":"post_tag","embeddable":true,"href":"https:\/\/informacionlocal.es\/it\/wp-json\/wp\/v2\/tags?post=7539"}],"curies":[{"name":"wp","href":"https:\/\/api.w.org\/{rel}","templated":true}]}}