{"id":7528,"date":"2025-07-14T23:00:32","date_gmt":"2025-07-14T22:00:32","guid":{"rendered":"https:\/\/informacionlocal.es\/il-cabildo-di-fuerteventura-chiede-limmediata-riparazione-del-faro-di-punta-pesebre\/"},"modified":"2025-07-14T23:00:32","modified_gmt":"2025-07-14T22:00:32","slug":"il-cabildo-di-fuerteventura-chiede-limmediata-riparazione-del-faro-di-punta-pesebre","status":"publish","type":"post","link":"https:\/\/informacionlocal.es\/it\/il-cabildo-di-fuerteventura-chiede-limmediata-riparazione-del-faro-di-punta-pesebre\/","title":{"rendered":"Il Cabildo di Fuerteventura chiede l&#8217;immediata riparazione del faro di Punta Pesebre"},"content":{"rendered":"<div class=\"entry-content\"><strong>14 luglio 2025<\/strong><\/p>\n<p><em><strong>Lola Garc\u00eda chiede all&#8217;Autorit\u00e0 Portuale di Las Palmas di riabilitare una struttura in grave degrado, in una zona di particolare attrazione naturale e paesaggistica.<\/strong><\/em><\/p>\n<p>Il Consiglio dell&#8217;isola di Fuerteventura ha chiesto di intervenire immediatamente per riparare e migliorare l&#8217;installazione conosciuta come il faro di Punta Pesebre, situato nell&#8217;angolo sud-occidentale dell&#8217;isola, nel Parco Naturale di Jand\u00eda. La presidente del Cabildo, Lola Garc\u00eda, ha scritto all&#8217;Autorit\u00e0 Portuale di Las Palmas per esprimere la sua preoccupazione per lo stato di conservazione del faro, che si trova in un avanzato stato di degrado, con frane, crepe strutturali e un generale aspetto di incuria che danneggia gravemente l&#8217;immagine dell&#8217;ambiente circostante. Questa situazione non solo mette in discussione la sicurezza e la conservazione dell&#8217;edificio, ma influisce anche sull&#8217;immagine di Fuerteventura.  <\/p>\n<p>Questa infrastruttura di importanza tecnica e marittima ha anche un importante valore simbolico, essendo situata in un&#8217;area di particolare attrazione naturale e paesaggistica. Per questo motivo, il Cabildo chiede un intervento immediato per intraprendere le necessarie riparazioni e migliorie alla struttura, &#8220;e allo stesso tempo ci rendiamo disponibili per qualsiasi collaborazione necessaria, sperando in una risposta favorevole da parte dell&#8217;Autorit\u00e0 Portuale, convinti che la conservazione del patrimonio e delle infrastrutture debba essere una priorit\u00e0 istituzionale&#8221;, conclude Garc\u00eda. <\/p>\n<\/div>\n","protected":false},"excerpt":{"rendered":"<p>14 luglio 2025 Lola Garc\u00eda chiede all&#8217;Autorit\u00e0 Portuale di Las Palmas di riabilitare una struttura in grave degrado, in una zona di particolare attrazione naturale e paesaggistica. Il Consiglio dell&#8217;isola [&hellip;]<\/p>\n","protected":false},"author":1,"featured_media":7524,"comment_status":"open","ping_status":"open","sticky":false,"template":"","format":"standard","meta":{"inline_featured_image":false,"jnews-multi-image_gallery":[],"jnews_single_post":[],"jnews_primary_category":[],"jnews_social_meta":[],"jnews_override_counter":[],"jnews_post_split":[],"footnotes":""},"categories":[289],"tags":[223],"class_list":["post-7528","post","type-post","status-publish","format-standard","has-post-thumbnail","hentry","category-cabildo-it","tag-fuerteventura-it"],"jetpack_featured_media_url":"https:\/\/informacionlocal.es\/wp-content\/uploads\/2025\/07\/eee-7.jpeg","_links":{"self":[{"href":"https:\/\/informacionlocal.es\/it\/wp-json\/wp\/v2\/posts\/7528","targetHints":{"allow":["GET"]}}],"collection":[{"href":"https:\/\/informacionlocal.es\/it\/wp-json\/wp\/v2\/posts"}],"about":[{"href":"https:\/\/informacionlocal.es\/it\/wp-json\/wp\/v2\/types\/post"}],"author":[{"embeddable":true,"href":"https:\/\/informacionlocal.es\/it\/wp-json\/wp\/v2\/users\/1"}],"replies":[{"embeddable":true,"href":"https:\/\/informacionlocal.es\/it\/wp-json\/wp\/v2\/comments?post=7528"}],"version-history":[{"count":0,"href":"https:\/\/informacionlocal.es\/it\/wp-json\/wp\/v2\/posts\/7528\/revisions"}],"wp:featuredmedia":[{"embeddable":true,"href":"https:\/\/informacionlocal.es\/it\/wp-json\/wp\/v2\/media\/7524"}],"wp:attachment":[{"href":"https:\/\/informacionlocal.es\/it\/wp-json\/wp\/v2\/media?parent=7528"}],"wp:term":[{"taxonomy":"category","embeddable":true,"href":"https:\/\/informacionlocal.es\/it\/wp-json\/wp\/v2\/categories?post=7528"},{"taxonomy":"post_tag","embeddable":true,"href":"https:\/\/informacionlocal.es\/it\/wp-json\/wp\/v2\/tags?post=7528"}],"curies":[{"name":"wp","href":"https:\/\/api.w.org\/{rel}","templated":true}]}}