{"id":7503,"date":"2025-07-14T21:00:10","date_gmt":"2025-07-14T20:00:10","guid":{"rendered":"https:\/\/informacionlocal.es\/accordo-firmato-con-famal-per-prevenire-la-violenza-di-genere-e-promuovere-luguaglianza-nel-comune\/"},"modified":"2025-07-14T21:00:10","modified_gmt":"2025-07-14T20:00:10","slug":"accordo-firmato-con-famal-per-prevenire-la-violenza-di-genere-e-promuovere-luguaglianza-nel-comune","status":"publish","type":"post","link":"https:\/\/informacionlocal.es\/it\/accordo-firmato-con-famal-per-prevenire-la-violenza-di-genere-e-promuovere-luguaglianza-nel-comune\/","title":{"rendered":"Accordo firmato con FAMAL per prevenire la violenza di genere e promuovere l&#8217;uguaglianza nel comune"},"content":{"rendered":"<div class=\"entry-content\">\n<p><strong>Un&#8217;alleanza strategica per continuare a costruire un comune pi\u00f9 equo, inclusivo e sicuro per tutte le persone.<\/strong><\/p>\n<p>Il sindaco di Puerto del Rosario, <strong>David de Vera<\/strong>, accompagnato dall&#8217;assessore all&#8217;Uguaglianza, Diversit\u00e0 e LGTBI, <strong>Tacoremi Guti\u00e9rrez<\/strong>, ha firmato luned\u00ec mattina, 14 luglio, un <strong>accordo di collaborazione<\/strong> con la presidente della <strong>Federazione delle Associazioni Femminili Arena y Laurisilva (FAMAL)<\/strong>, <strong>Olga Mar\u00eda Barrera<\/strong>, con l&#8217;obiettivo di proseguire il <em>Programma di sensibilizzazione e prevenzione della violenza di genere e la dinamizzazione della Biblioteca Femminista Lorenza Mach\u00edn.<\/em><\/p>\n<p>Questo accordo stabilisce il quadro per un&#8217;azione congiunta tra il Comune e la Federazione per l&#8217;attuazione di un progetto ambizioso volto a promuovere l&#8217;uguaglianza, prevenire la violenza di genere e promuovere uno spazio per l&#8217;apprendimento e la partecipazione dei cittadini.<\/p>\n<p>La Biblioteca Femminista Lorenza Mach\u00edn diventer\u00e0 un punto d&#8217;incontro dove si svolgeranno attivit\u00e0 come il prestito e la consultazione di una collezione bibliografica specializzata, presentazioni di libri, dibattiti, incontri letterari e altre iniziative che promuovono il dialogo, la riflessione e il pensiero critico sul femminismo e sui diritti delle donne.<\/p>\n<p><strong>David de Vera<\/strong>, sindaco di Puerto del Rosario, ha sottolineato la rilevanza di questa iniziativa, evidenziando che:<\/p>\n<p>&#8220;Siamo impegnati a costruire un Comune pi\u00f9 giusto e pi\u00f9 equo. Questo accordo \u00e8 un passo significativo verso la sensibilizzazione della nostra popolazione e l&#8217;eliminazione della violenza di genere, concentrando i nostri sforzi sull&#8217;educazione e la formazione&#8221;.<\/p>\n<p>Da parte sua, l&#8217;assessore all&#8217;Uguaglianza, Diversit\u00e0 e LGTBI, <strong>Tacoremi Guti\u00e9rrez<\/strong>, ha ribadito il suo impegno per l&#8217;uguaglianza e la giustizia sociale:<\/p>\n<p>&#8220;Da parte del Comune continueremo a sostenere i progetti che vanno a beneficio dell&#8217;intera comunit\u00e0 e che promuovono una cultura di rispetto, equit\u00e0 e convivenza&#8221;.<\/p>\n<p>La presidente della FAMAL, <strong>Olga Mar\u00eda Barrera<\/strong>, ha espresso la sua gratitudine per questo accordo e ha sottolineato che:<\/p>\n<p>&#8220;Il coinvolgimento dell&#8217;intera comunit\u00e0 \u00e8 essenziale per generare un cambiamento reale e duraturo nel nostro ambiente. Continueremo a lavorare con responsabilit\u00e0 e impegno per promuovere l&#8217;uguaglianza e la prevenzione della violenza di genere&#8221;.<\/p>\n<p>Il Comune di Puerto del Rosario invita tutti i cittadini ad aderire attivamente a questo progetto, convinto che, con la partecipazione di tutti, si possa continuare a costruire un comune pi\u00f9 egualitario, sicuro e rispettoso.<\/p>\n<\/div>\n","protected":false},"excerpt":{"rendered":"<p>Un&#8217;alleanza strategica per continuare a costruire un comune pi\u00f9 equo, inclusivo e sicuro per tutte le persone. Il sindaco di Puerto del Rosario, David de Vera, accompagnato dall&#8217;assessore all&#8217;Uguaglianza, Diversit\u00e0 [&hellip;]<\/p>\n","protected":false},"author":1,"featured_media":7500,"comment_status":"open","ping_status":"open","sticky":false,"template":"","format":"standard","meta":{"inline_featured_image":false,"jnews-multi-image_gallery":[],"jnews_single_post":[],"jnews_primary_category":[],"jnews_social_meta":[],"jnews_override_counter":[],"jnews_post_split":[],"footnotes":""},"categories":[295],"tags":[309],"class_list":["post-7503","post","type-post","status-publish","format-standard","has-post-thumbnail","hentry","category-puerto-del-rosario-it","tag-educacion-it"],"jetpack_featured_media_url":"https:\/\/informacionlocal.es\/wp-content\/uploads\/2025\/07\/convenio-ppal-140725-arena-y-l-sentados.jpg","_links":{"self":[{"href":"https:\/\/informacionlocal.es\/it\/wp-json\/wp\/v2\/posts\/7503","targetHints":{"allow":["GET"]}}],"collection":[{"href":"https:\/\/informacionlocal.es\/it\/wp-json\/wp\/v2\/posts"}],"about":[{"href":"https:\/\/informacionlocal.es\/it\/wp-json\/wp\/v2\/types\/post"}],"author":[{"embeddable":true,"href":"https:\/\/informacionlocal.es\/it\/wp-json\/wp\/v2\/users\/1"}],"replies":[{"embeddable":true,"href":"https:\/\/informacionlocal.es\/it\/wp-json\/wp\/v2\/comments?post=7503"}],"version-history":[{"count":0,"href":"https:\/\/informacionlocal.es\/it\/wp-json\/wp\/v2\/posts\/7503\/revisions"}],"wp:featuredmedia":[{"embeddable":true,"href":"https:\/\/informacionlocal.es\/it\/wp-json\/wp\/v2\/media\/7500"}],"wp:attachment":[{"href":"https:\/\/informacionlocal.es\/it\/wp-json\/wp\/v2\/media?parent=7503"}],"wp:term":[{"taxonomy":"category","embeddable":true,"href":"https:\/\/informacionlocal.es\/it\/wp-json\/wp\/v2\/categories?post=7503"},{"taxonomy":"post_tag","embeddable":true,"href":"https:\/\/informacionlocal.es\/it\/wp-json\/wp\/v2\/tags?post=7503"}],"curies":[{"name":"wp","href":"https:\/\/api.w.org\/{rel}","templated":true}]}}