{"id":7491,"date":"2025-07-14T20:00:41","date_gmt":"2025-07-14T19:00:41","guid":{"rendered":"https:\/\/informacionlocal.es\/il-comandante-della-marina-a-fuerteventura-presenta-al-sindaco-la-campagna-di-prevenzione-della-marina-contro-lincontro-con-gli-ordigni-esplosivi\/"},"modified":"2025-07-14T20:00:41","modified_gmt":"2025-07-14T19:00:41","slug":"il-comandante-della-marina-a-fuerteventura-presenta-al-sindaco-la-campagna-di-prevenzione-della-marina-contro-lincontro-con-gli-ordigni-esplosivi","status":"publish","type":"post","link":"https:\/\/informacionlocal.es\/it\/il-comandante-della-marina-a-fuerteventura-presenta-al-sindaco-la-campagna-di-prevenzione-della-marina-contro-lincontro-con-gli-ordigni-esplosivi\/","title":{"rendered":"Il Comandante della Marina a Fuerteventura presenta al sindaco la campagna di prevenzione della Marina contro l&#8217;incontro con gli ordigni esplosivi."},"content":{"rendered":"<div class=\"elementor-widget-container\">\n<p><strong>Il Comandante della Marina a Fuerteventura presenta al sindaco la campagna di prevenzione della Marina contro l&#8217;incontro con gli ordigni esplosivi.<\/strong><\/p>\n<p><strong>&#8211; Antigua e il Comando navale collaboreranno alla diffusione della campagna preventiva su come agire in caso di ritrovamento di un possibile ordigno esplosivo.<\/strong><\/p>\n<p><strong>&#8211; Non spostate o maneggiate mai un possibile ordigno esplosivo trovato sul fondo del mare o sulla costa; avvisate e le squadre specializzate della Marina saranno sul posto entro 24 ore.<\/strong><\/p>\n<p>Il sindaco di Antigua, Mat\u00edas Pe\u00f1a Garc\u00eda, ha ricevuto questa mattina, 14 luglio, la visita del Comandante dell&#8217;Ausiliaria Navale di Fuerteventura, Jos\u00e9 Carlos Pastor Gim\u00e9nez, che ha presentato la campagna informativa e preventiva che sta portando avanti in tutte le isole e i comuni, sulle precauzioni di sicurezza da prendere in caso di ritrovamento di ordigni esplosivi inesplosi in fondo al mare.<\/p>\n<p>Antigua ha sempre dimostrato la sua piena collaborazione con il Comando navale in eventi coordinati, come l&#8217;organizzazione di esercitazioni o, come in questo caso, collaborando alla diffusione di una Campagna preventiva su come affrontare questa specifica situazione di rischio&#8221;, ha dichiarato il sindaco, che si \u00e8 detto grato per la visita del Comandante in persona.<\/p>\n<p>Il Municipio di Antigua pu\u00f2 sempre contare sulla collaborazione o sulla facilitazione di eventi e campagne come quella che stiamo sviluppando, con informazioni semplici e dirette su come procedere in caso di ritrovamento di un ordigno esplosivo&#8221;, afferma il comandante Pastor Gim\u00e9nez.<\/p>\n<p>Gli opuscoli informativi descrivono in dettaglio la forma cilindrica o sferica o il colore verde, grigio o nero che pu\u00f2 avere un ordigno esplosivo, che non deve mai essere maneggiato e in caso del quale \u00e8 meglio spegnere qualsiasi dispositivo elettrico, mentre l&#8217;azione pi\u00f9 efficace \u00e8 quella di segnalare senza contatto, allontanarsi e avvisare, sia che si trovi su una spiaggia o su un fondale marino, con l&#8217;arrivo delle squadre specializzate della Marina in meno di 24 ore.<\/p>\n<\/div>\n","protected":false},"excerpt":{"rendered":"<p><strong>Il Comandante della Marina a Fuerteventura presenta al sindaco la campagna di prevenzione della Marina contro l&#8217;incontro con gli ordigni esplosivi.<\/strong><\/p>\n","protected":false},"author":1,"featured_media":7488,"comment_status":"open","ping_status":"open","sticky":false,"template":"","format":"standard","meta":{"inline_featured_image":false,"jnews-multi-image_gallery":[],"jnews_single_post":[],"jnews_primary_category":[],"jnews_social_meta":[],"jnews_override_counter":[],"jnews_post_split":[],"footnotes":""},"categories":[282],"tags":[202,308,223],"class_list":["post-7491","post","type-post","status-publish","format-standard","has-post-thumbnail","hentry","category-antigua-it","tag-comuni","tag-eventos-it","tag-fuerteventura-it"],"jetpack_featured_media_url":"https:\/\/informacionlocal.es\/wp-content\/uploads\/2025\/07\/el-alcalde-de-antigua-recibe-al-comandante-de-la-ayudantia-naval-3-scaled-1.jpg","_links":{"self":[{"href":"https:\/\/informacionlocal.es\/it\/wp-json\/wp\/v2\/posts\/7491","targetHints":{"allow":["GET"]}}],"collection":[{"href":"https:\/\/informacionlocal.es\/it\/wp-json\/wp\/v2\/posts"}],"about":[{"href":"https:\/\/informacionlocal.es\/it\/wp-json\/wp\/v2\/types\/post"}],"author":[{"embeddable":true,"href":"https:\/\/informacionlocal.es\/it\/wp-json\/wp\/v2\/users\/1"}],"replies":[{"embeddable":true,"href":"https:\/\/informacionlocal.es\/it\/wp-json\/wp\/v2\/comments?post=7491"}],"version-history":[{"count":0,"href":"https:\/\/informacionlocal.es\/it\/wp-json\/wp\/v2\/posts\/7491\/revisions"}],"wp:featuredmedia":[{"embeddable":true,"href":"https:\/\/informacionlocal.es\/it\/wp-json\/wp\/v2\/media\/7488"}],"wp:attachment":[{"href":"https:\/\/informacionlocal.es\/it\/wp-json\/wp\/v2\/media?parent=7491"}],"wp:term":[{"taxonomy":"category","embeddable":true,"href":"https:\/\/informacionlocal.es\/it\/wp-json\/wp\/v2\/categories?post=7491"},{"taxonomy":"post_tag","embeddable":true,"href":"https:\/\/informacionlocal.es\/it\/wp-json\/wp\/v2\/tags?post=7491"}],"curies":[{"name":"wp","href":"https:\/\/api.w.org\/{rel}","templated":true}]}}