{"id":7468,"date":"2025-07-14T17:59:59","date_gmt":"2025-07-14T16:59:59","guid":{"rendered":"https:\/\/informacionlocal.es\/puerto-del-rosario-rafforza-la-sua-sicurezza-e-la-sua-risposta-alle-emergenze\/"},"modified":"2025-07-14T17:59:59","modified_gmt":"2025-07-14T16:59:59","slug":"puerto-del-rosario-rafforza-la-sua-sicurezza-e-la-sua-risposta-alle-emergenze","status":"publish","type":"post","link":"https:\/\/informacionlocal.es\/it\/puerto-del-rosario-rafforza-la-sua-sicurezza-e-la-sua-risposta-alle-emergenze\/","title":{"rendered":"Puerto del Rosario rafforza la sua sicurezza e la sua risposta alle emergenze"},"content":{"rendered":"<div class=\"entry-content\">\n<div class=\"xdj266r x14z9mp xat24cr x1lziwak x1vvkbs x126k92a\">\n<div dir=\"auto\">Luned\u00ec 14 luglio abbiamo presentato un nuovo veicolo leggero di comando e controllo, strumenti di soccorso all&#8217;avanguardia, rilevatori di gas, telecamere termiche, estintori speciali per batterie al litio, gilet di identificazione e un sistema di comunicazione in diretta per migliorare il coordinamento di tutte le squadre coinvolte.<\/div>\n<\/div>\n<div class=\"x14z9mp xat24cr x1lziwak x1vvkbs xtlvy1s x126k92a\">\n<div dir=\"auto\"><span class=\"html-span xexx8yu xyri2b x18d9i69 x1c1uobl x1hl2dhg x16tdsg8 x1vvkbs x3nfvp2 x1j61x8r x1fcty0u xdj266r xat24cr xm2jcoa x1mpyi22 xxymvpz xlup9mm x1kky2od\">Tutte queste<\/span>nuove attrezzature sono autonome, alimentate a batteria e impermeabili, per garantire un&#8217;azione pi\u00f9 rapida ed efficace in qualsiasi situazione di pericolo.<\/div>\n<\/div>\n<div class=\"x14z9mp xat24cr x1lziwak x1vvkbs xtlvy1s x126k92a\">\n<div dir=\"auto\">Il sindaco, David de Vera, ha sottolineato che &#8220;la sicurezza dei nostri vicini \u00e8 una priorit\u00e0&#8221;, mentre l&#8217;assessore al Personale e alle Assunzioni, Mar\u00eda Franco, ha sottolineato che &#8220;siamo impegnati a fornire alle nostre squadre le migliori risorse per proteggere tutti i cittadini&#8221;.<\/div>\n<\/div>\n<div class=\"x14z9mp xat24cr x1lziwak x1vvkbs xtlvy1s x126k92a\">\n<div dir=\"auto\">Con questo passo, Puerto del Rosario sta facendo progressi nel migliorare la sicurezza per tutti.<\/div>\n<\/div>\n<\/div>\n","protected":false},"excerpt":{"rendered":"<p>Luned\u00ec 14 luglio abbiamo presentato un nuovo veicolo leggero di comando e controllo, strumenti di soccorso all&#8217;avanguardia, rilevatori di gas, telecamere termiche, estintori speciali per batterie al litio, gilet di [&hellip;]<\/p>\n","protected":false},"author":1,"featured_media":7464,"comment_status":"open","ping_status":"open","sticky":false,"template":"","format":"standard","meta":{"inline_featured_image":false,"jnews-multi-image_gallery":[],"jnews_single_post":[],"jnews_primary_category":[],"jnews_social_meta":[],"jnews_override_counter":[],"jnews_post_split":[],"footnotes":""},"categories":[295],"tags":[],"class_list":["post-7468","post","type-post","status-publish","format-standard","has-post-thumbnail","hentry","category-puerto-del-rosario-it"],"jetpack_featured_media_url":"https:\/\/informacionlocal.es\/wp-content\/uploads\/2025\/07\/emergencias-titu-material-140725.jpg","_links":{"self":[{"href":"https:\/\/informacionlocal.es\/it\/wp-json\/wp\/v2\/posts\/7468","targetHints":{"allow":["GET"]}}],"collection":[{"href":"https:\/\/informacionlocal.es\/it\/wp-json\/wp\/v2\/posts"}],"about":[{"href":"https:\/\/informacionlocal.es\/it\/wp-json\/wp\/v2\/types\/post"}],"author":[{"embeddable":true,"href":"https:\/\/informacionlocal.es\/it\/wp-json\/wp\/v2\/users\/1"}],"replies":[{"embeddable":true,"href":"https:\/\/informacionlocal.es\/it\/wp-json\/wp\/v2\/comments?post=7468"}],"version-history":[{"count":0,"href":"https:\/\/informacionlocal.es\/it\/wp-json\/wp\/v2\/posts\/7468\/revisions"}],"wp:featuredmedia":[{"embeddable":true,"href":"https:\/\/informacionlocal.es\/it\/wp-json\/wp\/v2\/media\/7464"}],"wp:attachment":[{"href":"https:\/\/informacionlocal.es\/it\/wp-json\/wp\/v2\/media?parent=7468"}],"wp:term":[{"taxonomy":"category","embeddable":true,"href":"https:\/\/informacionlocal.es\/it\/wp-json\/wp\/v2\/categories?post=7468"},{"taxonomy":"post_tag","embeddable":true,"href":"https:\/\/informacionlocal.es\/it\/wp-json\/wp\/v2\/tags?post=7468"}],"curies":[{"name":"wp","href":"https:\/\/api.w.org\/{rel}","templated":true}]}}