{"id":7454,"date":"2025-07-14T14:04:44","date_gmt":"2025-07-14T13:04:44","guid":{"rendered":"https:\/\/informacionlocal.es\/le-donne-portano-in-processione-la-madonna-del-carmen-a-las-salinas\/"},"modified":"2025-07-14T14:04:44","modified_gmt":"2025-07-14T13:04:44","slug":"le-donne-portano-in-processione-la-madonna-del-carmen-a-las-salinas","status":"publish","type":"post","link":"https:\/\/informacionlocal.es\/it\/le-donne-portano-in-processione-la-madonna-del-carmen-a-las-salinas\/","title":{"rendered":"Le donne portano in processione la Madonna del Carmen a Las Salinas"},"content":{"rendered":"<div class=\"elementor-widget-container\">\n<p><strong>Le donne portano in processione la Madonna del Carmen a Las Salinas<\/strong><\/p>\n<p>A Las Salinas, come da tradizione, sono le donne a portare a spalla la Madonna del Carmine in una processione marittima.<\/p>\n<p>Un&#8217;affollata Processione in onore di Nostra Signora del Carmen si \u00e8 svolta questa domenica a mezzogiorno a Las Salinas e in piena marea, chiudendo cos\u00ec una festa che si \u00e8 distinta per l&#8217;alta partecipazione dei vicini, la grande affluenza alle loro danze e verbenas con un&#8217;atmosfera familiare, sicura e responsabile.<\/p>\n<p>Tra i tanti volontari, tutti coloro che hanno adempiuto alla Promessa hanno portato in spalla la Madonna del Carmen, accompagnata lungo la passeggiata costiera da applausi e incitamenti e dalla Parranda de Juan Pe\u00f1a lungo il percorso e al suo arrivo \u00e8 stata accolta dalla parranda El Campillo.<\/p>\n<\/div>\n","protected":false},"excerpt":{"rendered":"<p><strong>Le donne portano in processione la Madonna del Carmen a Las Salinas<\/strong><\/p>\n","protected":false},"author":1,"featured_media":7452,"comment_status":"open","ping_status":"open","sticky":false,"template":"","format":"standard","meta":{"inline_featured_image":false,"jnews-multi-image_gallery":[],"jnews_single_post":[],"jnews_primary_category":[],"jnews_social_meta":[],"jnews_override_counter":[],"jnews_post_split":[],"footnotes":""},"categories":[282],"tags":[],"class_list":["post-7454","post","type-post","status-publish","format-standard","has-post-thumbnail","hentry","category-antigua-it"],"jetpack_featured_media_url":"https:\/\/informacionlocal.es\/wp-content\/uploads\/2025\/07\/00-aa-en-las-salinas-son-las-mujeres-quienes-cargan-sobre-sus-hombros-la-virgen-del-carmen-28-scaled-1.jpg","_links":{"self":[{"href":"https:\/\/informacionlocal.es\/it\/wp-json\/wp\/v2\/posts\/7454","targetHints":{"allow":["GET"]}}],"collection":[{"href":"https:\/\/informacionlocal.es\/it\/wp-json\/wp\/v2\/posts"}],"about":[{"href":"https:\/\/informacionlocal.es\/it\/wp-json\/wp\/v2\/types\/post"}],"author":[{"embeddable":true,"href":"https:\/\/informacionlocal.es\/it\/wp-json\/wp\/v2\/users\/1"}],"replies":[{"embeddable":true,"href":"https:\/\/informacionlocal.es\/it\/wp-json\/wp\/v2\/comments?post=7454"}],"version-history":[{"count":0,"href":"https:\/\/informacionlocal.es\/it\/wp-json\/wp\/v2\/posts\/7454\/revisions"}],"wp:featuredmedia":[{"embeddable":true,"href":"https:\/\/informacionlocal.es\/it\/wp-json\/wp\/v2\/media\/7452"}],"wp:attachment":[{"href":"https:\/\/informacionlocal.es\/it\/wp-json\/wp\/v2\/media?parent=7454"}],"wp:term":[{"taxonomy":"category","embeddable":true,"href":"https:\/\/informacionlocal.es\/it\/wp-json\/wp\/v2\/categories?post=7454"},{"taxonomy":"post_tag","embeddable":true,"href":"https:\/\/informacionlocal.es\/it\/wp-json\/wp\/v2\/tags?post=7454"}],"curies":[{"name":"wp","href":"https:\/\/api.w.org\/{rel}","templated":true}]}}