{"id":7443,"date":"2025-07-14T12:58:28","date_gmt":"2025-07-14T11:58:28","guid":{"rendered":"https:\/\/informacionlocal.es\/antigua-decide-lallegoria-del-carnevale-2026-cultura-e-luoghi-del-mondo\/"},"modified":"2025-07-14T12:58:28","modified_gmt":"2025-07-14T11:58:28","slug":"antigua-decide-lallegoria-del-carnevale-2026-cultura-e-luoghi-del-mondo","status":"publish","type":"post","link":"https:\/\/informacionlocal.es\/it\/antigua-decide-lallegoria-del-carnevale-2026-cultura-e-luoghi-del-mondo\/","title":{"rendered":"Antigua decide l&#8217;Allegoria del Carnevale 2026 &#8220;Cultura e luoghi del mondo&#8221;."},"content":{"rendered":"<div class=\"elementor-widget-container\">\n<p><strong>Antigua decide l&#8217;Allegoria del Carnevale 2026 &#8220;Cultura e luoghi del mondo&#8221;.<\/strong><\/p>\n<p><strong>&#8211; I gruppi del Carnevale, durante la riunione convocata dal Dipartimento delle Feste, hanno deciso di dedicare il prossimo Carnevale di Antigua 2026 alle Culture e ai Luoghi del Mondo.<\/strong><\/p>\n<p>Dopo la riunione convocata dal Dipartimento delle Feste del Comune di Antigua con i gruppi e i collettivi carnevaleschi per iniziare i preparativi del prossimo Carnevale 2026, \u00e8 stata decisa, tra le altre questioni, l&#8217;allegoria che motiver\u00e0 la decorazione dei palchi, i costumi dei gruppi carnevaleschi e i costumi di tutti i partecipanti.<\/p>\n<p>L&#8217;allegoria scelta per consenso da tutti i partecipanti alla riunione, spiega l&#8217;assessore alle Feste, Pedro M. Armas Mart\u00edn, \u00e8 &#8220;Culture e luoghi del mondo&#8221;, un&#8217;allegoria che senza dubbio permette una grande diversit\u00e0 nei disegni, nelle decorazioni, consentendo un&#8217;ampia creativit\u00e0 a questa nuova edizione del Carnevale.<\/p>\n<p>Il sindaco, Mat\u00edas Pe\u00f1a, si congratula per la scelta dell&#8217;Allegoria del Carnevale, selezionata tra otto temi proposti dai partecipanti. Un Allegoria di Carnevale che considero molto appropriata, sia per le ampie possibilit\u00e0 che offre, sia perch\u00e9 riflette il nostro Comune, che \u00e8 un riflesso della diversit\u00e0 con pi\u00f9 di cinquanta culture che convivono ad Antigua, nei villaggi e a Caleta de Fuste, e conferma le identit\u00e0, i colori, la ricchezza e le identit\u00e0 che esistono nel mondo. <\/p>\n<\/div>\n","protected":false},"excerpt":{"rendered":"<p><strong>Antigua decide l&#8217;Allegoria del Carnevale 2026 &#8220;Cultura e luoghi del mondo&#8221;.<\/strong><\/p>\n","protected":false},"author":1,"featured_media":7440,"comment_status":"open","ping_status":"open","sticky":false,"template":"","format":"standard","meta":{"inline_featured_image":false,"jnews-multi-image_gallery":[],"jnews_single_post":[],"jnews_primary_category":[],"jnews_social_meta":[],"jnews_override_counter":[],"jnews_post_split":[],"footnotes":""},"categories":[282],"tags":[],"class_list":["post-7443","post","type-post","status-publish","format-standard","has-post-thumbnail","hentry","category-antigua-it"],"jetpack_featured_media_url":"https:\/\/informacionlocal.es\/wp-content\/uploads\/2025\/07\/0-coso-carnaval-caleta-de-fuste-2.jpg","_links":{"self":[{"href":"https:\/\/informacionlocal.es\/it\/wp-json\/wp\/v2\/posts\/7443","targetHints":{"allow":["GET"]}}],"collection":[{"href":"https:\/\/informacionlocal.es\/it\/wp-json\/wp\/v2\/posts"}],"about":[{"href":"https:\/\/informacionlocal.es\/it\/wp-json\/wp\/v2\/types\/post"}],"author":[{"embeddable":true,"href":"https:\/\/informacionlocal.es\/it\/wp-json\/wp\/v2\/users\/1"}],"replies":[{"embeddable":true,"href":"https:\/\/informacionlocal.es\/it\/wp-json\/wp\/v2\/comments?post=7443"}],"version-history":[{"count":0,"href":"https:\/\/informacionlocal.es\/it\/wp-json\/wp\/v2\/posts\/7443\/revisions"}],"wp:featuredmedia":[{"embeddable":true,"href":"https:\/\/informacionlocal.es\/it\/wp-json\/wp\/v2\/media\/7440"}],"wp:attachment":[{"href":"https:\/\/informacionlocal.es\/it\/wp-json\/wp\/v2\/media?parent=7443"}],"wp:term":[{"taxonomy":"category","embeddable":true,"href":"https:\/\/informacionlocal.es\/it\/wp-json\/wp\/v2\/categories?post=7443"},{"taxonomy":"post_tag","embeddable":true,"href":"https:\/\/informacionlocal.es\/it\/wp-json\/wp\/v2\/tags?post=7443"}],"curies":[{"name":"wp","href":"https:\/\/api.w.org\/{rel}","templated":true}]}}