{"id":7429,"date":"2025-07-14T11:58:25","date_gmt":"2025-07-14T10:58:25","guid":{"rendered":"https:\/\/informacionlocal.es\/il-cabildo-concede-quasi-90-000-euro-di-sostegno-agli-studenti-con-esigenze-speciali\/"},"modified":"2025-07-14T11:58:25","modified_gmt":"2025-07-14T10:58:25","slug":"il-cabildo-concede-quasi-90-000-euro-di-sostegno-agli-studenti-con-esigenze-speciali","status":"publish","type":"post","link":"https:\/\/informacionlocal.es\/it\/il-cabildo-concede-quasi-90-000-euro-di-sostegno-agli-studenti-con-esigenze-speciali\/","title":{"rendered":"Il Cabildo concede quasi 90.000 euro di sostegno agli studenti con esigenze speciali"},"content":{"rendered":"<div class=\"entry-content\"><strong>14 luglio 2025<\/strong><\/p>\n<p><em><strong>Per la prima volta, il Ministero dell&#8217;Istruzione regionale concede questa linea di sovvenzioni per soddisfare le richieste della comunit\u00e0 educativa riguardo agli studenti con bisogni educativi specifici (SEN).<\/strong><\/em><\/p>\n<p>Il Cabildo di Fuerteventura, attraverso il suo Dipartimento dell&#8217;Educazione, ha concesso quasi 90.000 euro in borse di studio per sostenere gli studenti con esigenze speciali dell&#8217;isola. Una nuova linea di aiuti che, secondo la presidente dell&#8217;isola, Lola Garc\u00eda, &#8220;sono concessi per la prima volta dal Cabildo di Fuerteventura e sono essenziali per soddisfare le esigenze e le richieste della comunit\u00e0 educativa per quanto riguarda la cura degli studenti con esigenze specifiche di supporto educativo (SEN) derivanti dalla disabilit\u00e0&#8221;. <\/p>\n<p>Il Ministro regionale dell&#8217;Istruzione, Adargoma Hern\u00e1ndez, sottolinea che &#8220;l&#8217;obiettivo \u00e8 fornire un sostegno finanziario alle scuole affinch\u00e9 possano intervenire e rispondere alle esigenze degli studenti&#8221;.<\/p>\n<p>In questo modo, continua Hern\u00e1ndez, l&#8217;aiuto \u00e8 finalizzato all&#8217;acquisto di materiale per ottimizzare l&#8217;apprendimento o al pagamento di servizi per la corretta scolarizzazione degli studenti, oltre ad attivit\u00e0 extrascolastiche, trasporti e accesso al centro, tra gli altri.<\/p>\n<p>Nell&#8217;ambito della politica di sovvenzioni educative del Cabildo de Fuerteventura, prosegue Hern\u00e1ndez, &#8220;oltre a queste sovvenzioni, c&#8217;\u00e8 un bando per sovvenzioni generiche volte a sostenere progetti educativi promossi da scuole, associazioni e federazioni di genitori, per il quale la scadenza per la presentazione delle domande era l&#8217;11 luglio&#8221;. I beneficiari riceveranno sovvenzioni fino a 4.000 euro per proposta. Tutte le informazioni possono essere consultate nella sezione sovvenzioni, sussidi e borse di studio del sito cabildofuer.es (https:\/\/www.cabildofuer.es\/cabildo\/atencion-al-ciudadano\/ayudas-becas-y-subvenciones\/).  <\/p>\n<p><\/p>\n<\/div>\n","protected":false},"excerpt":{"rendered":"<p>14 luglio 2025 Per la prima volta, il Ministero dell&#8217;Istruzione regionale concede questa linea di sovvenzioni per soddisfare le richieste della comunit\u00e0 educativa riguardo agli studenti con bisogni educativi specifici [&hellip;]<\/p>\n","protected":false},"author":1,"featured_media":7428,"comment_status":"open","ping_status":"open","sticky":false,"template":"","format":"standard","meta":{"inline_featured_image":false,"jnews-multi-image_gallery":[],"jnews_single_post":[],"jnews_primary_category":[],"jnews_social_meta":[],"jnews_override_counter":[],"jnews_post_split":[],"footnotes":""},"categories":[289],"tags":[309,223],"class_list":["post-7429","post","type-post","status-publish","format-standard","has-post-thumbnail","hentry","category-cabildo-it","tag-educacion-it","tag-fuerteventura-it"],"jetpack_featured_media_url":"https:\/\/informacionlocal.es\/wp-content\/uploads\/2025\/07\/deee.jpeg","_links":{"self":[{"href":"https:\/\/informacionlocal.es\/it\/wp-json\/wp\/v2\/posts\/7429","targetHints":{"allow":["GET"]}}],"collection":[{"href":"https:\/\/informacionlocal.es\/it\/wp-json\/wp\/v2\/posts"}],"about":[{"href":"https:\/\/informacionlocal.es\/it\/wp-json\/wp\/v2\/types\/post"}],"author":[{"embeddable":true,"href":"https:\/\/informacionlocal.es\/it\/wp-json\/wp\/v2\/users\/1"}],"replies":[{"embeddable":true,"href":"https:\/\/informacionlocal.es\/it\/wp-json\/wp\/v2\/comments?post=7429"}],"version-history":[{"count":0,"href":"https:\/\/informacionlocal.es\/it\/wp-json\/wp\/v2\/posts\/7429\/revisions"}],"wp:featuredmedia":[{"embeddable":true,"href":"https:\/\/informacionlocal.es\/it\/wp-json\/wp\/v2\/media\/7428"}],"wp:attachment":[{"href":"https:\/\/informacionlocal.es\/it\/wp-json\/wp\/v2\/media?parent=7429"}],"wp:term":[{"taxonomy":"category","embeddable":true,"href":"https:\/\/informacionlocal.es\/it\/wp-json\/wp\/v2\/categories?post=7429"},{"taxonomy":"post_tag","embeddable":true,"href":"https:\/\/informacionlocal.es\/it\/wp-json\/wp\/v2\/tags?post=7429"}],"curies":[{"name":"wp","href":"https:\/\/api.w.org\/{rel}","templated":true}]}}