{"id":7419,"date":"2025-07-12T14:58:44","date_gmt":"2025-07-12T13:58:44","guid":{"rendered":"https:\/\/informacionlocal.es\/isai-blanco-chiarisce-che-il-progetto-del-percorso-pedonale-di-corralejo-e-stato-realizzato-con-relazioni-tecniche-favorevoli-e-poteri-delegati\/"},"modified":"2025-07-12T14:58:44","modified_gmt":"2025-07-12T13:58:44","slug":"isai-blanco-chiarisce-che-il-progetto-del-percorso-pedonale-di-corralejo-e-stato-realizzato-con-relazioni-tecniche-favorevoli-e-poteri-delegati","status":"publish","type":"post","link":"https:\/\/informacionlocal.es\/it\/isai-blanco-chiarisce-che-il-progetto-del-percorso-pedonale-di-corralejo-e-stato-realizzato-con-relazioni-tecniche-favorevoli-e-poteri-delegati\/","title":{"rendered":"Isa\u00ed Blanco chiarisce che il progetto del percorso pedonale di Corralejo \u00e8 stato realizzato con relazioni tecniche favorevoli e poteri delegati."},"content":{"rendered":"<p>Alla luce della recente pubblicazione di informazioni che fanno riferimento a una denuncia di presunta prevaricazione relativa all&#8217;esecuzione del percorso pedonale di Corralejo, Isa\u00ed Blanco desidera trasmettere al pubblico un chiarimento pacato e rigoroso dei fatti.<\/p>\n<p>In primo luogo, la municipalit\u00e0 ricorda che l&#8217;azione \u00e8 stata supportata da relazioni tecniche favorevoli rilasciate da professionisti qualificati, nell&#8217;ambito di una procedura amministrativa regolamentata. Il progetto \u00e8 stato redatto dai tecnici comunali e gli organi politici competenti si sono limitati a promuoverne l&#8217;esecuzione in base a tali relazioni. Come previsto dalla normativa vigente, i decisori politici non intervengono nella redazione di questi documenti, n\u00e9 possono modificarli o condizionarli.  <\/p>\n<p>Allo stesso modo, la pratica \u00e8 stata trattata interamente dal Dipartimento di Urbanistica, un&#8217;area con poteri delegati dall&#8217;Assemblea plenaria comunale, in modo che tutta l&#8217;azione si sia svolta all&#8217;interno del quadro giuridico previsto per questi casi.  <\/p>\n<p>In relazione alla propriet\u00e0 del terreno, il Comune sottolinea che l&#8217;assenza di dati catastali aggiornati non implica di per s\u00e9 l&#8217;illegalit\u00e0 e che i meccanismi previsti per garantire i diritti dei vicini sono stati sempre rispettati, compresa la possibilit\u00e0 di presentare denunce e impugnare gli atti amministrativi. Infatti, chiunque abbia un interesse legittimo ha potuto consultare il fascicolo o contattare il Concistoro per ottenere informazioni. <\/p>\n<p>Il sindaco di La Oliva, Isa\u00ed Blanco, ha voluto trasmettere un messaggio di tranquillit\u00e0 ai residenti: &#8220;Abbiamo piena fiducia nel lavoro svolto dalle aree tecniche e amministrative. Questo Municipio ha sempre agito con trasparenza da quando siamo al governo, cercando l&#8217;interesse generale del comune. Continueremo a collaborare con la giustizia come abbiamo sempre fatto&#8221;, ha dichiarato.  <\/p>\n<p>Infine, il Comune ribadisce la propria disponibilit\u00e0 a collaborare con le autorit\u00e0 giudiziarie per chiarire qualsiasi aspetto della procedura, confidando che l&#8217;analisi rigorosa dei fatti dimostri che non c&#8217;\u00e8 stata alcuna azione irregolare o intento di favorire i privati.  <\/p>\n<p>Il percorso pedonale di Corralejo fa parte di una strategia pi\u00f9 ampia volta a migliorare l&#8217;accessibilit\u00e0, la mobilit\u00e0 e la fruizione della costa per residenti e visitatori, in linea con gli obiettivi di sostenibilit\u00e0 urbana di questa societ\u00e0.<\/p>\n","protected":false},"excerpt":{"rendered":"<p><span>Il Comune ribadisce la sua collaborazione con il sistema giudiziario e si rammarica della confusione generata dal reclamo sulla disposizione della passeggiata costiera.<\/span><\/p>\n","protected":false},"author":1,"featured_media":7416,"comment_status":"open","ping_status":"open","sticky":false,"template":"","format":"standard","meta":{"inline_featured_image":false,"jnews-multi-image_gallery":[],"jnews_single_post":[],"jnews_primary_category":[],"jnews_social_meta":[],"jnews_override_counter":[],"jnews_post_split":[],"footnotes":""},"categories":[292],"tags":[],"class_list":["post-7419","post","type-post","status-publish","format-standard","has-post-thumbnail","hentry","category-la-oliva-it"],"jetpack_featured_media_url":"https:\/\/informacionlocal.es\/wp-content\/uploads\/2025\/07\/5222_7493d3b4.png","_links":{"self":[{"href":"https:\/\/informacionlocal.es\/it\/wp-json\/wp\/v2\/posts\/7419","targetHints":{"allow":["GET"]}}],"collection":[{"href":"https:\/\/informacionlocal.es\/it\/wp-json\/wp\/v2\/posts"}],"about":[{"href":"https:\/\/informacionlocal.es\/it\/wp-json\/wp\/v2\/types\/post"}],"author":[{"embeddable":true,"href":"https:\/\/informacionlocal.es\/it\/wp-json\/wp\/v2\/users\/1"}],"replies":[{"embeddable":true,"href":"https:\/\/informacionlocal.es\/it\/wp-json\/wp\/v2\/comments?post=7419"}],"version-history":[{"count":0,"href":"https:\/\/informacionlocal.es\/it\/wp-json\/wp\/v2\/posts\/7419\/revisions"}],"wp:featuredmedia":[{"embeddable":true,"href":"https:\/\/informacionlocal.es\/it\/wp-json\/wp\/v2\/media\/7416"}],"wp:attachment":[{"href":"https:\/\/informacionlocal.es\/it\/wp-json\/wp\/v2\/media?parent=7419"}],"wp:term":[{"taxonomy":"category","embeddable":true,"href":"https:\/\/informacionlocal.es\/it\/wp-json\/wp\/v2\/categories?post=7419"},{"taxonomy":"post_tag","embeddable":true,"href":"https:\/\/informacionlocal.es\/it\/wp-json\/wp\/v2\/tags?post=7419"}],"curies":[{"name":"wp","href":"https:\/\/api.w.org\/{rel}","templated":true}]}}