{"id":7407,"date":"2025-07-11T23:00:07","date_gmt":"2025-07-11T22:00:07","guid":{"rendered":"https:\/\/informacionlocal.es\/puerto-del-rosario-attiva-il-suo-campo-estivo-e-sportivo-2025-per-ragazzi-e-ragazze-dai-6-ai-12-anni\/"},"modified":"2025-07-11T23:00:07","modified_gmt":"2025-07-11T22:00:07","slug":"puerto-del-rosario-attiva-il-suo-campo-estivo-e-sportivo-2025-per-ragazzi-e-ragazze-dai-6-ai-12-anni","status":"publish","type":"post","link":"https:\/\/informacionlocal.es\/it\/puerto-del-rosario-attiva-il-suo-campo-estivo-e-sportivo-2025-per-ragazzi-e-ragazze-dai-6-ai-12-anni\/","title":{"rendered":"Puerto del Rosario attiva il suo Campo estivo e sportivo 2025 per ragazzi e ragazze dai 6 ai 12 anni."},"content":{"rendered":"<div class=\"entry-content\">\n<p>Luned\u00ec 14 luglio avr\u00e0 inizio il <strong>Campo estivo e sportivo 2025<\/strong>, un&#8217;iniziativa promossa dal <strong>Comune di Puerto del Rosario, attraverso il Dipartimento dello Sport<\/strong>. La proposta mira a favorire la conciliazione familiare durante il periodo estivo, offrendo ai bambini tra i 6 e i 12 anni un ambiente sicuro, educativo e ludico per il loro sviluppo. <\/p>\n<p>Durante la cerimonia di presentazione, tenutasi nella mattinata di gioved\u00ec 10 luglio, il <strong>Sindaco di Puerto del Rosario, David de Vera<\/strong>, l&#8217;<strong>Assessore allo Sport, Luis Chac\u00f3n<\/strong>, e il <strong>direttore dell&#8217;azienda aggiudicataria<\/strong>, Adasat Alonso, a nome del <strong>GRUPO TAFOR CANARIAS SLU<\/strong>, hanno sottolineato l&#8217;importanza di questo tipo di iniziative per i bambini e il fermo impegno del Municipio per la qualit\u00e0 e la sicurezza nello sviluppo delle attivit\u00e0 per bambini.<\/p>\n<h3>Premio del servizio<\/h3>\n<p>Il contratto intitolato <em>&#8220;Servizio di gestione del Campo estivo e sportivo 2025 del Comune di Puerto del Rosario&#8221;<\/em> \u00e8 stato aggiudicato alla societ\u00e0 <strong>GRUPO TAFOR CANARIAS SLU<\/strong> (CIF: B76619055) per un importo di <strong>36.379,28 \u20ac<\/strong>, a carico della domanda di bilancio <strong>28\/34000\/22612 &#8211; Scuole sportive<\/strong>.<\/p>\n<p>Il Comune, attraverso l&#8217;Assessorato allo Sport, ha lavorato intensamente alla pianificazione del campo, coordinando il processo di ammissione e iscrizione per i mesi di luglio e agosto. Tutte le famiglie iscritte sono gi\u00e0 state avvisate e sono nell&#8217;elenco definitivo degli ammessi. In conformit\u00e0 con l&#8217;attuale Ordinanza fiscale, \u00e8 stata stabilita una <strong>quota di iscrizione di 90 \u20ac<\/strong> per completare il processo di iscrizione.  <\/p>\n<h3>Incontro informativo per le famiglie<\/h3>\n<p>Per fornire tutte le informazioni necessarie sullo sviluppo del campo, le famiglie sono invitate a un <strong>incontro informativo venerd\u00ec 11 luglio alle ore 18:00<\/strong>, presso il <strong>Padiglione comunale dell&#8217;Oasi<\/strong>. Durante l&#8217;incontro verr\u00e0 effettuata una visita guidata alle strutture e verranno risolti eventuali dubbi. <\/p>\n<h3>Strutture e attivit\u00e0<\/h3>\n<p>Il campo si svolger\u00e0 tra il <strong>14 luglio e il 30 agosto 2025<\/strong>, dalle <strong>07:30 alle 15:15<\/strong>, in varie strutture del comune:<\/p>\n<ul>\n<li><strong>Stadio municipale di Los Pozos<\/strong>: attivit\u00e0 all&#8217;aperto e al chiuso.<\/li>\n<li><strong>Padiglione comunale Oasis<\/strong>: attivit\u00e0 sportive al coperto.<\/li>\n<li><strong>Terrero de Lucha Puerto de Cabras<\/strong>: giochi tradizionali e attivit\u00e0 sceniche.<\/li>\n<li><strong>Spiaggia di Los Pozos e Biblio-playa<\/strong>: attivit\u00e0 ricreative, educative e di promozione della lettura.<\/li>\n<li><strong>Strutture di Las Granadas<\/strong>: sport come tennis e paddle tennis.<\/li>\n<\/ul>\n<h3>Servizi complementari<\/h3>\n<ul>\n<li><strong>Sala da pranzo:<\/strong> dalle 13:30 alle 14:30 h<\/li>\n<li><strong>Soggiorno:<\/strong> dalle 14:30 alle 15:15 (per favorire la riconciliazione familiare).<\/li>\n<\/ul>\n<h3>Programma giornaliero<\/h3>\n<table>\n<thead>\n<tr>\n<td><strong>Servizio<\/strong><\/td>\n<td><strong>Orari di apertura<\/strong><\/td>\n<\/tr>\n<\/thead>\n<tbody>\n<tr>\n<td>Ricevimento anticipato<\/td>\n<td>07:45 &#8211; 08:30 h<\/td>\n<\/tr>\n<tr>\n<td>Laboratori e attivit\u00e0<\/td>\n<td>08:30 &#8211; 13:30 h<\/td>\n<\/tr>\n<tr>\n<td>Sala da pranzo<\/td>\n<td>13:30 &#8211; 14:30 h<\/td>\n<\/tr>\n<tr>\n<td>Permanenza<\/td>\n<td>14:30 &#8211; 15:15 h<\/td>\n<\/tr>\n<tr>\n<td> <\/td>\n<\/tr>\n<\/tbody>\n<\/table>\n<h3>Un impegno per lo sport<\/h3>\n<p>Il <strong>Summer Camp and Sport 2025<\/strong> \u00e8 un campo urbano incentrato sulla crescita personale, l&#8217;attivit\u00e0 fisica e lo sviluppo educativo dei bambini durante le vacanze scolastiche. Attraverso questa iniziativa, vengono promossi valori come la convivenza, il rispetto, la creativit\u00e0 e l&#8217;educazione in un ambiente dinamico e sicuro. <\/p>\n<p>Il Comune \u00e8 grato per la collaborazione e la fiducia delle famiglie partecipanti e ribadisce il proprio impegno nella promozione dello sport, dell&#8217;educazione e della conciliazione tra vita lavorativa e familiare a Puerto del Rosario.<\/p>\n<\/div>\n","protected":false},"excerpt":{"rendered":"<p>Luned\u00ec 14 luglio avr\u00e0 inizio il Campo estivo e sportivo 2025, un&#8217;iniziativa promossa dal Comune di Puerto del Rosario, attraverso il Dipartimento dello Sport. La proposta mira a favorire la [&hellip;]<\/p>\n","protected":false},"author":1,"featured_media":7404,"comment_status":"open","ping_status":"open","sticky":false,"template":"","format":"standard","meta":{"inline_featured_image":false,"jnews-multi-image_gallery":[],"jnews_single_post":[],"jnews_primary_category":[],"jnews_social_meta":[],"jnews_override_counter":[],"jnews_post_split":[],"footnotes":""},"categories":[295],"tags":[309],"class_list":["post-7407","post","type-post","status-publish","format-standard","has-post-thumbnail","hentry","category-puerto-del-rosario-it","tag-educacion-it"],"jetpack_featured_media_url":"https:\/\/informacionlocal.es\/wp-content\/uploads\/2025\/07\/campamento-titu-deportes-0725.jpg","_links":{"self":[{"href":"https:\/\/informacionlocal.es\/it\/wp-json\/wp\/v2\/posts\/7407","targetHints":{"allow":["GET"]}}],"collection":[{"href":"https:\/\/informacionlocal.es\/it\/wp-json\/wp\/v2\/posts"}],"about":[{"href":"https:\/\/informacionlocal.es\/it\/wp-json\/wp\/v2\/types\/post"}],"author":[{"embeddable":true,"href":"https:\/\/informacionlocal.es\/it\/wp-json\/wp\/v2\/users\/1"}],"replies":[{"embeddable":true,"href":"https:\/\/informacionlocal.es\/it\/wp-json\/wp\/v2\/comments?post=7407"}],"version-history":[{"count":0,"href":"https:\/\/informacionlocal.es\/it\/wp-json\/wp\/v2\/posts\/7407\/revisions"}],"wp:featuredmedia":[{"embeddable":true,"href":"https:\/\/informacionlocal.es\/it\/wp-json\/wp\/v2\/media\/7404"}],"wp:attachment":[{"href":"https:\/\/informacionlocal.es\/it\/wp-json\/wp\/v2\/media?parent=7407"}],"wp:term":[{"taxonomy":"category","embeddable":true,"href":"https:\/\/informacionlocal.es\/it\/wp-json\/wp\/v2\/categories?post=7407"},{"taxonomy":"post_tag","embeddable":true,"href":"https:\/\/informacionlocal.es\/it\/wp-json\/wp\/v2\/tags?post=7407"}],"curies":[{"name":"wp","href":"https:\/\/api.w.org\/{rel}","templated":true}]}}