{"id":7384,"date":"2025-07-11T21:02:13","date_gmt":"2025-07-11T20:02:13","guid":{"rendered":"https:\/\/informacionlocal.es\/il-governo-delle-isole-canarie-e-il-consiglio-dellisola-di-fuerteventura-incontrano-le-corporazioni-dei-pescatori-per-discutere-del-miglioramento-delle-loro-strutture\/"},"modified":"2025-07-11T21:02:13","modified_gmt":"2025-07-11T20:02:13","slug":"il-governo-delle-isole-canarie-e-il-consiglio-dellisola-di-fuerteventura-incontrano-le-corporazioni-dei-pescatori-per-discutere-del-miglioramento-delle-loro-strutture","status":"publish","type":"post","link":"https:\/\/informacionlocal.es\/it\/il-governo-delle-isole-canarie-e-il-consiglio-dellisola-di-fuerteventura-incontrano-le-corporazioni-dei-pescatori-per-discutere-del-miglioramento-delle-loro-strutture\/","title":{"rendered":"Il Governo delle Isole Canarie e il Consiglio dell&#8217;Isola di Fuerteventura incontrano le corporazioni dei pescatori per discutere del miglioramento delle loro strutture."},"content":{"rendered":"<div class=\"entry-content\"><strong>11 luglio 2025<\/strong><\/p>\n<p><strong>Il direttore generale della Pesca e il presidente della corporazione isolana hanno incontrato oggi i rappresentanti delle tre corporazioni di pescatori dell&#8217;isola per discutere della situazione del settore nella campagna in corso, nonch\u00e9 dei lavori per migliorare le infrastrutture di pesca.<\/strong><\/p>\n<p>Il direttore generale<br \/>\ndella Pesca del Governo delle Isole Canarie, Esteban Reyes, e la presidente del Cabildo<br \/>\ndi Fuerteventura, Lola Garc\u00eda, hanno tenuto oggi, gioved\u00ec 10 luglio, incontri<br \/>\ncon le tre corporazioni di pescatori dell&#8217;isola<br \/>\n&#8211; Corralejo, Gran Tarajal e Morro Jable &#8211; per affrontare le esigenze del<br \/>\nsettore e pianificare l&#8217;implementazione di una serie di azioni per migliorare le loro<br \/>\nstrutture. A questi incontri hanno partecipato anche i rappresentanti dei consigli comunali di<br \/>\nLa Oliva, Tuineje e P\u00e1jara, comuni in cui<br \/>\nsi trovano queste entit\u00e0. <\/p>\n<p>A questo proposito,<br \/>\nReyes ha sottolineato &#8220;l&#8217;importanza della collaborazione inter-amministrativa e del<br \/>\ndialogo diretto con le corporazioni dei pescatori, per conoscere in prima persona le richieste dei professionisti del settore e poter offrire loro un sostegno efficace, attraverso azioni di miglioramento delle infrastrutture o<br \/>\naltre misure aggiuntive, che contribuiscano al mantenimento e allo sviluppo dell&#8217;attivit\u00e0 di pesca nelle Isole Canarie<br \/>\n&#8220;.<\/p>\n<p>\nDa parte sua, Lola<br \/>\nGarc\u00eda ha sottolineato che &#8220;dal Cabildo di Fuerteventura, siamo sempre dalla parte dei professionisti della pesca tradizionale a Fuerteventura.<br \/>\nEcco perch\u00e9<br \/>\n\u00e8 fondamentale per questo tipo di incontri di coordinamento tra le amministrazioni e le<br \/>\ncofrad\u00edas, per rispondere alle richieste in termini di infrastrutture, al fine di<br \/>\nfavorire una pratica tradizionale che \u00e8 anche una delle attivit\u00e0 economiche pi\u00f9 radicate a Fuerteventura&#8221;. <\/p>\n<p>Nel primo<br \/>\nincontro della giornata, con i rappresentanti della Corporazione dei Pescatori di<br \/>\nCorralejo, sono stati pianificati i lavori di asfaltatura della zona di pesca<br \/>\ndi El Cotillo, nonch\u00e9 la verifica dello stato dei pontili di questa zona<br \/>\nportuale, recentemente migliorati dalla<br \/>\nDirezione Generale della Pesca e dei Porti delle Canarie.  <\/p>\n<p>Inoltre, nella riunione<br \/>\ncon la Corporazione dei Pescatori di Gran Tarajal, \u00e8 stato concordato di ampliare<br \/>\nl&#8217;edificio principale della sede di questa organizzazione per ospitare i<br \/>\ncamion per la consegna del pesce e, in questo modo, liberare un&#8217;area di commercializzazione presso<br \/>\ngli impianti, un&#8217;azione che sar\u00e0 realizzata dal Governo delle Canarie.<\/p>\n<p>Infine, insieme a<br \/>\ni membri della Corporazione dei pescatori di Morro Jable hanno verificato il<br \/>\nrisultato dei lavori di copertura, realizzati dal governo regionale in<br \/>\ncollaborazione con il Comune di P\u00e1jara, in un&#8217;area di transito del pesce,<br \/>\nper facilitare le attivit\u00e0 quotidiane dei pescatori e renderle<br \/>\npi\u00f9 confortevoli, nonch\u00e9 i miglioramenti apportati all&#8217;impianto elettrico.  <\/p>\n<p>Oltre alle<br \/>\nazioni corrispondenti nelle infrastrutture di ogni associazione di pescatori, durante la giornata sono state discusse altre questioni di interesse per il settore sull&#8217;isola, come<br \/>\nlo stato delle catture nell&#8217;attuale campagna rispetto a quella precedente, sia nel caso del tonno che di altre specie; la situazione degli armatori e<br \/>\ndei marinai; o l&#8217;accordo sul trasferimento dei Porti, tra le altre questioni.  <\/p>\n<\/div>\n","protected":false},"excerpt":{"rendered":"<p>11 luglio 2025 Il direttore generale della Pesca e il presidente della corporazione isolana hanno incontrato oggi i rappresentanti delle tre corporazioni di pescatori dell&#8217;isola per discutere della situazione del [&hellip;]<\/p>\n","protected":false},"author":1,"featured_media":7380,"comment_status":"open","ping_status":"open","sticky":false,"template":"","format":"standard","meta":{"inline_featured_image":false,"jnews-multi-image_gallery":[],"jnews_single_post":[],"jnews_primary_category":[],"jnews_social_meta":[],"jnews_override_counter":[],"jnews_post_split":[],"footnotes":""},"categories":[289],"tags":[202,223],"class_list":["post-7384","post","type-post","status-publish","format-standard","has-post-thumbnail","hentry","category-cabildo-it","tag-comuni","tag-fuerteventura-it"],"jetpack_featured_media_url":"https:\/\/informacionlocal.es\/wp-content\/uploads\/2025\/07\/eeee-6.jpeg","_links":{"self":[{"href":"https:\/\/informacionlocal.es\/it\/wp-json\/wp\/v2\/posts\/7384","targetHints":{"allow":["GET"]}}],"collection":[{"href":"https:\/\/informacionlocal.es\/it\/wp-json\/wp\/v2\/posts"}],"about":[{"href":"https:\/\/informacionlocal.es\/it\/wp-json\/wp\/v2\/types\/post"}],"author":[{"embeddable":true,"href":"https:\/\/informacionlocal.es\/it\/wp-json\/wp\/v2\/users\/1"}],"replies":[{"embeddable":true,"href":"https:\/\/informacionlocal.es\/it\/wp-json\/wp\/v2\/comments?post=7384"}],"version-history":[{"count":0,"href":"https:\/\/informacionlocal.es\/it\/wp-json\/wp\/v2\/posts\/7384\/revisions"}],"wp:featuredmedia":[{"embeddable":true,"href":"https:\/\/informacionlocal.es\/it\/wp-json\/wp\/v2\/media\/7380"}],"wp:attachment":[{"href":"https:\/\/informacionlocal.es\/it\/wp-json\/wp\/v2\/media?parent=7384"}],"wp:term":[{"taxonomy":"category","embeddable":true,"href":"https:\/\/informacionlocal.es\/it\/wp-json\/wp\/v2\/categories?post=7384"},{"taxonomy":"post_tag","embeddable":true,"href":"https:\/\/informacionlocal.es\/it\/wp-json\/wp\/v2\/tags?post=7384"}],"curies":[{"name":"wp","href":"https:\/\/api.w.org\/{rel}","templated":true}]}}