{"id":7347,"date":"2025-07-11T18:03:24","date_gmt":"2025-07-11T17:03:24","guid":{"rendered":"https:\/\/informacionlocal.es\/fuerteventura-ha-ottenuto-il-marchio-di-qualita-jose-gomez-per-laccessibilita\/"},"modified":"2025-07-11T18:03:24","modified_gmt":"2025-07-11T17:03:24","slug":"fuerteventura-ha-ottenuto-il-marchio-di-qualita-jose-gomez-per-laccessibilita","status":"publish","type":"post","link":"https:\/\/informacionlocal.es\/it\/fuerteventura-ha-ottenuto-il-marchio-di-qualita-jose-gomez-per-laccessibilita\/","title":{"rendered":"Fuerteventura ha ottenuto il marchio di qualit\u00e0 &#8220;Jos\u00e9 G\u00f3mez&#8221; per l&#8217;accessibilit\u00e0."},"content":{"rendered":"<div class=\"entry-content\"><strong>11 luglio 2025<\/strong><\/p>\n<p><em><strong>Il Cabildo di Fuerteventura e ADIVIA promuovono un marchio che riconosce e accompagna gli stabilimenti nella loro trasformazione in spazi inclusivi.<\/strong><\/em><\/p>\n<p>Il Consiglio dell&#8217;Isola di Fuerteventura ha presentato il Sigillo di Qualit\u00e0 dell&#8217;Accessibilit\u00e0 Universale &#8220;Jos\u00e9 G\u00f3mez&#8221;, un&#8217;iniziativa promossa dal Dipartimento dell&#8217;Accessibilit\u00e0 del Consiglio dell&#8217;Isola di Fuerteventura e dall&#8217;associazione ADIVIA. Questo strumento \u00e8 stato creato con l&#8217;obiettivo di distinguere gli esercizi pubblici che si impegnano e soddisfano i requisiti in termini di accessibilit\u00e0 universale, oltre ad accompagnarli nella loro trasformazione in spazi inclusivi. Il premio porta il nome di Jos\u00e9 G\u00f3mez, figura di spicco nell&#8217;isola nella difesa dei diritti delle persone con disabilit\u00e0 e fondatore di ADIVIA.  <\/p>\n<p>In occasione dell&#8217;evento, la presidente del Cabildo, Lola Garc\u00eda, ha sottolineato il valore di un&#8217;iniziativa &#8220;molto necessaria per Fuerteventura, con un sigillo che mira a consentire alle persone di partecipare alla vita sociale, economica e lavorativa in condizioni di parit\u00e0&#8221; &#8220;L&#8217;accessibilit\u00e0 non \u00e8 un capriccio, \u00e8 un diritto. Pertanto, dobbiamo continuare a lavorare per rendere Fuerteventura una terra di uguaglianza per tutte le persone&#8221;.<\/p>\n<p>L&#8217;assessore all&#8217;accessibilit\u00e0, Carmen Alonso, ha sottolineato &#8220;il grande passo che stiamo facendo come parte dell&#8217;impegno sociale del Cabildo per rendere Fuerteventura un territorio inclusivo per tutte le persone&#8221;. In questo senso, Alonso ha incoraggiato &#8220;i negozi, i ristoranti, i servizi e gli spazi pubblici di tutti i tipi ad aderire a questa rete, che non solo li distinguer\u00e0 come strutture inclusive, ma riceveranno anche consigli su come rimuovere le barriere che ostacolano la vita quotidiana delle persone con disabilit\u00e0&#8221;. <\/p>\n<p>A nome di ADIVIA, la sua presidente, Alicia Roger, ha dichiarato che &#8220;siamo molto orgogliosi che Jos\u00e9 G\u00f3mez abbia ricevuto il sigillo. Credo che, ovunque si trovi, sar\u00e0 molto felice&#8221;. Ha anche ringraziato &#8220;il Cabildo di Fuerteventura e soprattutto Mari Carmen, perch\u00e9 senza il suo aiuto questo sarebbe stato impossibile&#8221;. Roger ha anche espresso la sua soddisfazione per il coinvolgimento dell&#8217;isola, in particolare del comune di Puerto del Rosario, &#8220;anche se ci sono ancora molti altri che speriamo si uniscano a poco a poco&#8221;. &#8220;All&#8217;inizio temevamo che, dopo la scomparsa di Jos\u00e9 G\u00f3mez, questo progetto sarebbe affondato, ma non \u00e8 stato cos\u00ec. La barca \u00e8 ancora a galla e vogliamo continuare a crescere&#8221;, ha concluso emozionata.   <\/p>\n<p>Da parte sua, il direttore di ADIVIA, Juan Carlos Placeres, ha sottolineato che &#8220;questo progetto \u00e8 nato dalla tenacia di Jos\u00e9 G\u00f3mez, con l&#8217;intenzione di realizzare una Fuerteventura pi\u00f9 accessibile e inclusiva. Oggi, finalmente, vede la luce&#8221;. Placeres ha ringraziato &#8220;il sostegno del Cabildo di Fuerteventura, attraverso il Dipartimento dell&#8217;Accessibilit\u00e0 e l&#8217;assessore Carmen Alonso, che fin dal primo momento hanno scommesso su questa iniziativa e l&#8217;hanno resa realt\u00e0&#8221;. <\/p>\n<p>Durante la giornata di presentazione sono stati illustrati il funzionamento, il processo di valutazione e i passi da compiere per aderire al marchio. L&#8217;attivit\u00e0 ha incluso testimonianze personali, una tavola rotonda e uno spazio finale per consigli diretti affinch\u00e9 i partecipanti possano optare per il marchio. <\/p>\n<p>Sono intervenuti l&#8217;assistente sociale di ADIVIA e del Centro Jos\u00e9 G\u00f3mez, Cristina Cabrera, la psicologa del centro, Nahiraki Rodr\u00edguez, e il consulente per l&#8217;accessibilit\u00e0, Carlos Hern\u00e1ndez. Erano presenti anche i consiglieri Evangelina S\u00e1nchez (P\u00e1jara), Guiseppe Sigonorino (Antigua) e Pedro Rodr\u00edguez (Tuineje). <\/p>\n<p>Gli interessati possono ottenere maggiori informazioni scansionando il codice QR sulla locandina ufficiale dell&#8217;evento, scrivendo a selloaccesibilidadjosegomez@gmail.com, o chiamando il numero 616 827 333 (ADIVIA).<\/p>\n<\/div>\n","protected":false},"excerpt":{"rendered":"<p>11 luglio 2025 Il Cabildo di Fuerteventura e ADIVIA promuovono un marchio che riconosce e accompagna gli stabilimenti nella loro trasformazione in spazi inclusivi. Il Consiglio dell&#8217;Isola di Fuerteventura ha [&hellip;]<\/p>\n","protected":false},"author":1,"featured_media":7344,"comment_status":"open","ping_status":"open","sticky":false,"template":"","format":"standard","meta":{"inline_featured_image":false,"jnews-multi-image_gallery":[],"jnews_single_post":[],"jnews_primary_category":[],"jnews_social_meta":[],"jnews_override_counter":[],"jnews_post_split":[],"footnotes":""},"categories":[289],"tags":[223],"class_list":["post-7347","post","type-post","status-publish","format-standard","has-post-thumbnail","hentry","category-cabildo-it","tag-fuerteventura-it"],"jetpack_featured_media_url":"https:\/\/informacionlocal.es\/wp-content\/uploads\/2025\/07\/www-1.jpeg","_links":{"self":[{"href":"https:\/\/informacionlocal.es\/it\/wp-json\/wp\/v2\/posts\/7347","targetHints":{"allow":["GET"]}}],"collection":[{"href":"https:\/\/informacionlocal.es\/it\/wp-json\/wp\/v2\/posts"}],"about":[{"href":"https:\/\/informacionlocal.es\/it\/wp-json\/wp\/v2\/types\/post"}],"author":[{"embeddable":true,"href":"https:\/\/informacionlocal.es\/it\/wp-json\/wp\/v2\/users\/1"}],"replies":[{"embeddable":true,"href":"https:\/\/informacionlocal.es\/it\/wp-json\/wp\/v2\/comments?post=7347"}],"version-history":[{"count":0,"href":"https:\/\/informacionlocal.es\/it\/wp-json\/wp\/v2\/posts\/7347\/revisions"}],"wp:featuredmedia":[{"embeddable":true,"href":"https:\/\/informacionlocal.es\/it\/wp-json\/wp\/v2\/media\/7344"}],"wp:attachment":[{"href":"https:\/\/informacionlocal.es\/it\/wp-json\/wp\/v2\/media?parent=7347"}],"wp:term":[{"taxonomy":"category","embeddable":true,"href":"https:\/\/informacionlocal.es\/it\/wp-json\/wp\/v2\/categories?post=7347"},{"taxonomy":"post_tag","embeddable":true,"href":"https:\/\/informacionlocal.es\/it\/wp-json\/wp\/v2\/tags?post=7347"}],"curies":[{"name":"wp","href":"https:\/\/api.w.org\/{rel}","templated":true}]}}