{"id":7337,"date":"2025-07-11T17:04:15","date_gmt":"2025-07-11T16:04:15","guid":{"rendered":"https:\/\/informacionlocal.es\/kandela-pachanga-jacomar-e-estrella-latina-sul-palco-delle-las-salinas-fiestas\/"},"modified":"2025-07-11T17:04:15","modified_gmt":"2025-07-11T16:04:15","slug":"kandela-pachanga-jacomar-e-estrella-latina-sul-palco-delle-las-salinas-fiestas","status":"publish","type":"post","link":"https:\/\/informacionlocal.es\/it\/kandela-pachanga-jacomar-e-estrella-latina-sul-palco-delle-las-salinas-fiestas\/","title":{"rendered":"Kandela, Pachanga, Jacomar e Estrella Latina sul palco delle Las Salinas Fiestas"},"content":{"rendered":"<div class=\"elementor-widget-container\">\n<p><strong>Kandela, Pachanga, Jacomar e Estrella Latina sul palco delle Las Salinas Fiestas<\/strong><\/p>\n<p><strong>&#8211; Spettacolo pirotecnico acquatico e terrestre questo sabato a mezzanotte.  <\/strong><br \/><strong>&#8211; Grande Verbena questo sabato con i gruppi Kandela, Pachanga e l&#8217;orchestra Estrella Latina dalle 22:00 alle 04:00.  <\/strong><br \/><strong>&#8211; Domenica, a partire dalle 13:30, una processione marittima in onore di Nuestra Se\u00f1ora del Carmen accompagnata dalle parrandas El Campillo e Juan Pe\u00f1a.  <\/strong><br \/><strong>&#8211; Le orchestre Estrella Latina e Jacomar e il D\u00fao Fantas\u00eda concluderanno le Fiestas de Las Salinas dalle 16:00 alle 20:00.<\/strong><\/p>\n<p>Le Fiestas de Las Salinas sono state un esempio di divertimento responsabile, oltre al lavoro congiunto tra gli abitanti del villaggio nel Comitato Festeggiamenti insieme al Dipartimento Festeggiamenti del Comune di Antigua, offrendo un programma che \u00e8 stato partecipativo e di successo&#8221;, afferma il sindaco Mat\u00edas Pe\u00f1a.<\/p>\n<p>Cannone a schiuma questo sabato alla festa per bambini che inizia alle 12:00 a Las Salinas, che celebra il fine settimana principale delle feste patronali in onore di Nuestra Se\u00f1ora del Carmen, e aggiunge l&#8217;Assessore alle Feste, Pedro M. Armas Mart\u00edn, le famiglie possono godersi il Torneo di Palla dalle 10:00, partecipare alla decorazione delle barche o visitare il mercatino allestito accanto al palco.<\/p>\n<p>Un palcoscenico che vibrer\u00e0 di notte con i Verbena dalle 22:00 alle 04:00, con il Gruppo Kandela, il Gruppo Pachanga e l&#8217;Orchestra Estrella Latina, interrotto solo dall&#8217;esibizione pirotecnica acquatico-terrestre di mezzanotte.<\/p>\n<p>Domenica sar\u00e0 il grande giorno delle Feste, svegliando la batucada su e gi\u00f9 per le strade, ai vicini del paese che stanno ancora riposando alle 12, per avvertirli della Processione Marittima Terrestre in onore di Nostra Signora del Carmen:Ore 00, per avvisarli della Processione Marittima Terrestre in onore di Nostra Signora del Carmen, sulle spalle della gente di terra per imbarcarsi pi\u00f9 tardi, approfittando della marea e navigando con lei, tra applausi e il parrandeo di El Campillo e Juan Pe\u00f1a, per essere accolti dalle Orchestre Estrella Latina e Jacomar, e chiudendo i festeggiamenti il Duo Fantasia.<\/p>\n<\/div>\n","protected":false},"excerpt":{"rendered":"<p><strong>Kandela, Pachanga, Jacomar e Estrella Latina sul palco delle Las Salinas Fiestas<\/strong><\/p>\n","protected":false},"author":1,"featured_media":7332,"comment_status":"open","ping_status":"open","sticky":false,"template":"","format":"standard","meta":{"inline_featured_image":false,"jnews-multi-image_gallery":[],"jnews_single_post":[],"jnews_primary_category":[],"jnews_social_meta":[],"jnews_override_counter":[],"jnews_post_split":[],"footnotes":""},"categories":[282],"tags":[],"class_list":["post-7337","post","type-post","status-publish","format-standard","has-post-thumbnail","hentry","category-antigua-it"],"jetpack_featured_media_url":"https:\/\/informacionlocal.es\/wp-content\/uploads\/2025\/07\/fiestas-patronales-salinas-del-carmen-img-arch-scaled-1.jpg","_links":{"self":[{"href":"https:\/\/informacionlocal.es\/it\/wp-json\/wp\/v2\/posts\/7337","targetHints":{"allow":["GET"]}}],"collection":[{"href":"https:\/\/informacionlocal.es\/it\/wp-json\/wp\/v2\/posts"}],"about":[{"href":"https:\/\/informacionlocal.es\/it\/wp-json\/wp\/v2\/types\/post"}],"author":[{"embeddable":true,"href":"https:\/\/informacionlocal.es\/it\/wp-json\/wp\/v2\/users\/1"}],"replies":[{"embeddable":true,"href":"https:\/\/informacionlocal.es\/it\/wp-json\/wp\/v2\/comments?post=7337"}],"version-history":[{"count":0,"href":"https:\/\/informacionlocal.es\/it\/wp-json\/wp\/v2\/posts\/7337\/revisions"}],"wp:featuredmedia":[{"embeddable":true,"href":"https:\/\/informacionlocal.es\/it\/wp-json\/wp\/v2\/media\/7332"}],"wp:attachment":[{"href":"https:\/\/informacionlocal.es\/it\/wp-json\/wp\/v2\/media?parent=7337"}],"wp:term":[{"taxonomy":"category","embeddable":true,"href":"https:\/\/informacionlocal.es\/it\/wp-json\/wp\/v2\/categories?post=7337"},{"taxonomy":"post_tag","embeddable":true,"href":"https:\/\/informacionlocal.es\/it\/wp-json\/wp\/v2\/tags?post=7337"}],"curies":[{"name":"wp","href":"https:\/\/api.w.org\/{rel}","templated":true}]}}