{"id":7322,"date":"2025-07-11T15:58:30","date_gmt":"2025-07-11T14:58:30","guid":{"rendered":"https:\/\/informacionlocal.es\/il-cabildo-di-fuerteventura-aiuta-la-piantagione-di-alberi-da-frutto-a-rosa-de-los-james\/"},"modified":"2025-07-11T15:58:30","modified_gmt":"2025-07-11T14:58:30","slug":"il-cabildo-di-fuerteventura-aiuta-la-piantagione-di-alberi-da-frutto-a-rosa-de-los-james","status":"publish","type":"post","link":"https:\/\/informacionlocal.es\/it\/il-cabildo-di-fuerteventura-aiuta-la-piantagione-di-alberi-da-frutto-a-rosa-de-los-james\/","title":{"rendered":"Il Cabildo di Fuerteventura aiuta la piantagione di alberi da frutto a Rosa de los James"},"content":{"rendered":"<div class=\"entry-content\"><strong>11 luglio 2025<\/strong><\/p>\n<p><em><strong>I trattori agricoli eseguono lo scavo a intervalli regolari per il successivo posizionamento degli alberi.<\/strong><\/em><\/p>\n<p>Il Cabildo di Fuerteventura, attraverso il Servizio Lavori e Macchine, sta svolgendo un lavoro di supporto agli agricoltori di Fuerteventura. I trattori agricoli vengono attualmente utilizzati per effettuare scavi per la successiva piantumazione di alberi da frutto a Rosa de los James. <\/p>\n<p>&#8220;Quest&#8217;opera \u00e8 fondamentale per promuovere l&#8217;attivit\u00e0 agricola, diversificare l&#8217;economia, promuovere la sovranit\u00e0 alimentare e migliorare la conservazione della terra fertile a Fuerteventura&#8221;, afferma l&#8217;assessore ai Lavori e alle Macchine, Blas Acosta.<\/p>\n<p>Il Servizio ha programmato il lavoro dei trattori agricoli su richiesta degli agricoltori, rispondendo cos\u00ec alla loro esigenza di ridurre i costi per superare il raccolto senza causare il collasso finanziario dell&#8217;azienda. In questo senso, il lavoro dei trattori agricoli del Cabildo risponde a una logica cooperativa in cui i costi di acquisto dei grandi macchinari non ricadono su ciascun proprietario. <\/p>\n<p>Gli scavi per l&#8217;impianto di alberi da frutto che si stanno realizzando a Rosa de los James mantengono un intervallo regolare per massimizzare lo spazio e garantire uno sviluppo ottimale di ogni esemplare, con spazio sufficiente per svilupparsi e produrre frutti. Inoltre, questo sistema lineare facilita la cura e la raccolta del prodotto. <\/p>\n<\/div>\n","protected":false},"excerpt":{"rendered":"<p>11 luglio 2025 I trattori agricoli eseguono lo scavo a intervalli regolari per il successivo posizionamento degli alberi. Il Cabildo di Fuerteventura, attraverso il Servizio Lavori e Macchine, sta svolgendo [&hellip;]<\/p>\n","protected":false},"author":1,"featured_media":7320,"comment_status":"open","ping_status":"open","sticky":false,"template":"","format":"standard","meta":{"inline_featured_image":false,"jnews-multi-image_gallery":[],"jnews_single_post":[],"jnews_primary_category":[],"jnews_social_meta":[],"jnews_override_counter":[],"jnews_post_split":[],"footnotes":""},"categories":[289],"tags":[223],"class_list":["post-7322","post","type-post","status-publish","format-standard","has-post-thumbnail","hentry","category-cabildo-it","tag-fuerteventura-it"],"jetpack_featured_media_url":"https:\/\/informacionlocal.es\/wp-content\/uploads\/2025\/07\/james.jpeg","_links":{"self":[{"href":"https:\/\/informacionlocal.es\/it\/wp-json\/wp\/v2\/posts\/7322","targetHints":{"allow":["GET"]}}],"collection":[{"href":"https:\/\/informacionlocal.es\/it\/wp-json\/wp\/v2\/posts"}],"about":[{"href":"https:\/\/informacionlocal.es\/it\/wp-json\/wp\/v2\/types\/post"}],"author":[{"embeddable":true,"href":"https:\/\/informacionlocal.es\/it\/wp-json\/wp\/v2\/users\/1"}],"replies":[{"embeddable":true,"href":"https:\/\/informacionlocal.es\/it\/wp-json\/wp\/v2\/comments?post=7322"}],"version-history":[{"count":0,"href":"https:\/\/informacionlocal.es\/it\/wp-json\/wp\/v2\/posts\/7322\/revisions"}],"wp:featuredmedia":[{"embeddable":true,"href":"https:\/\/informacionlocal.es\/it\/wp-json\/wp\/v2\/media\/7320"}],"wp:attachment":[{"href":"https:\/\/informacionlocal.es\/it\/wp-json\/wp\/v2\/media?parent=7322"}],"wp:term":[{"taxonomy":"category","embeddable":true,"href":"https:\/\/informacionlocal.es\/it\/wp-json\/wp\/v2\/categories?post=7322"},{"taxonomy":"post_tag","embeddable":true,"href":"https:\/\/informacionlocal.es\/it\/wp-json\/wp\/v2\/tags?post=7322"}],"curies":[{"name":"wp","href":"https:\/\/api.w.org\/{rel}","templated":true}]}}