{"id":7313,"date":"2025-07-11T15:00:52","date_gmt":"2025-07-11T14:00:52","guid":{"rendered":"https:\/\/informacionlocal.es\/antigua-offre-a-tutti-i-bambini-in-estate-e-al-mattino-campi-culturali-e-mattinate-sportive\/"},"modified":"2025-07-11T15:00:52","modified_gmt":"2025-07-11T14:00:52","slug":"antigua-offre-a-tutti-i-bambini-in-estate-e-al-mattino-campi-culturali-e-mattinate-sportive","status":"publish","type":"post","link":"https:\/\/informacionlocal.es\/it\/antigua-offre-a-tutti-i-bambini-in-estate-e-al-mattino-campi-culturali-e-mattinate-sportive\/","title":{"rendered":"Antigua offre a tutti i bambini, in estate e al mattino, campi culturali e mattinate sportive."},"content":{"rendered":"<div class=\"elementor-widget-container\">\n<p><strong>Antigua offre a tutti i bambini, in estate e al mattino, campi culturali e mattinate sportive.<\/strong><\/p>\n<p><strong>&#8211; A Caleta de Fuste, ad Antigua e nei centri culturali del comune Campi estivi dai 4 e 7 anni fino agli 11 anni.<\/strong><\/p>\n<p><strong>&#8211; Iscrizione gratuita, organizzata dall&#8217;Ayuntamiento de Antigua dai dipartimenti di Cultura e Sport.<\/strong><\/p>\n<p>Quest&#8217;estate il Municipio di Antigua offre un programma di attivit\u00e0 mattutine per i bambini di et\u00e0 compresa tra i 4 e gli 11 anni, consentendo loro di combinare le vacanze con gli orari di lavoro della famiglia.<\/p>\n<p>Le mattinate sportive vengono organizzate a Caleta de Fuste e Antigua tutte le mattine dalle 08:30 alle 14:30, con giochi di squadra, tornei sportivi, feste in acqua, escursioni e numerose attivit\u00e0 per sorprendere e divertire i bambini, spiega l&#8217;Assessore allo Sport, Samuel Torres.<\/p>\n<p>I Campi Culturali sono un&#8217;attivit\u00e0 pionieristica nel comune e credo anche nell&#8217;isola&#8221;, spiega l&#8217;assessore alla zona, Jonathan Pe\u00f1a, &#8220;sono itineranti, si tengono a Caleta de Fuste, la prossima settimana a Triquivijate, quella successiva a Valles de Ortega e terminano ad Antigua. Il loro successo si riflette nell&#8217;entusiasmo dei bambini, che nella stessa mattinata si divertono con coreografie di danza, giochi teatrali o tecniche circensi, musicali o cinematografiche. <\/p>\n<p>L&#8217;iscrizione ai Campi Culturali e alle Mattinate Sportive \u00e8 completamente gratuita e deve essere semplicemente formalizzata attraverso l&#8217;Ufficio Anagrafe fino a esaurimento posti, spiega il sindaco Mat\u00edas Pe\u00f1a, che aggiunge che a queste due attivit\u00e0 di gruppo durante la mattinata si aggiungono le feste per bambini organizzate in questa stagione in ogni villaggio, o le Feste in Spiaggia di El Castillo ogni venerd\u00ec mattina, cos\u00ec come il programma estivo per i giovani o le scuole comunali che tengono le loro lezioni.<\/p>\n<p>Attivit\u00e0 estive per tutti, nessuno deve rimanere a casa e forniamo anche un&#8217;iscrizione completamente gratuita e una partecipazione aperta a tutti&#8221;, conclude il sindaco di Antigua, Mat\u00edas Pe\u00f1a.<\/p>\n<\/p>\n<\/div>\n","protected":false},"excerpt":{"rendered":"<p><strong>Antigua offre a tutti i bambini, in estate e al mattino, campi culturali e mattinate sportive.<\/strong><\/p>\n","protected":false},"author":1,"featured_media":7308,"comment_status":"open","ping_status":"open","sticky":false,"template":"","format":"standard","meta":{"inline_featured_image":false,"jnews-multi-image_gallery":[],"jnews_single_post":[],"jnews_primary_category":[],"jnews_social_meta":[],"jnews_override_counter":[],"jnews_post_split":[],"footnotes":""},"categories":[282],"tags":[344],"class_list":["post-7313","post","type-post","status-publish","format-standard","has-post-thumbnail","hentry","category-antigua-it","tag-sport-it"],"jetpack_featured_media_url":"https:\/\/informacionlocal.es\/wp-content\/uploads\/2025\/07\/antigua-ofrece-a-todos-los-peques-en-verano-y-por-la-manana-campamentos-culturales-y-mananas-deportivas-1-scaled-1.jpg","_links":{"self":[{"href":"https:\/\/informacionlocal.es\/it\/wp-json\/wp\/v2\/posts\/7313","targetHints":{"allow":["GET"]}}],"collection":[{"href":"https:\/\/informacionlocal.es\/it\/wp-json\/wp\/v2\/posts"}],"about":[{"href":"https:\/\/informacionlocal.es\/it\/wp-json\/wp\/v2\/types\/post"}],"author":[{"embeddable":true,"href":"https:\/\/informacionlocal.es\/it\/wp-json\/wp\/v2\/users\/1"}],"replies":[{"embeddable":true,"href":"https:\/\/informacionlocal.es\/it\/wp-json\/wp\/v2\/comments?post=7313"}],"version-history":[{"count":0,"href":"https:\/\/informacionlocal.es\/it\/wp-json\/wp\/v2\/posts\/7313\/revisions"}],"wp:featuredmedia":[{"embeddable":true,"href":"https:\/\/informacionlocal.es\/it\/wp-json\/wp\/v2\/media\/7308"}],"wp:attachment":[{"href":"https:\/\/informacionlocal.es\/it\/wp-json\/wp\/v2\/media?parent=7313"}],"wp:term":[{"taxonomy":"category","embeddable":true,"href":"https:\/\/informacionlocal.es\/it\/wp-json\/wp\/v2\/categories?post=7313"},{"taxonomy":"post_tag","embeddable":true,"href":"https:\/\/informacionlocal.es\/it\/wp-json\/wp\/v2\/tags?post=7313"}],"curies":[{"name":"wp","href":"https:\/\/api.w.org\/{rel}","templated":true}]}}