{"id":7299,"date":"2025-07-11T14:00:02","date_gmt":"2025-07-11T13:00:02","guid":{"rendered":"https:\/\/informacionlocal.es\/il-cabildo-completa-il-restauro-di-quasi-1-000-metri-di-recinzione-per-proteggere-le-saline-di-saladar-de-jandia\/"},"modified":"2025-07-11T14:00:02","modified_gmt":"2025-07-11T13:00:02","slug":"il-cabildo-completa-il-restauro-di-quasi-1-000-metri-di-recinzione-per-proteggere-le-saline-di-saladar-de-jandia","status":"publish","type":"post","link":"https:\/\/informacionlocal.es\/it\/il-cabildo-completa-il-restauro-di-quasi-1-000-metri-di-recinzione-per-proteggere-le-saline-di-saladar-de-jandia\/","title":{"rendered":"Il Cabildo completa il restauro di quasi 1.000 metri di recinzione per proteggere le saline di Saladar de Jand\u00eda"},"content":{"rendered":"<div class=\"entry-content\"><strong>11 luglio 2025<\/strong><\/p>\n<p><em><strong>Il lavoro \u00e8 stato completato dal Dipartimento dell&#8217;Ambiente come parte del programma &#8220;Fuerteventura, bella per natura&#8221;.<\/strong><\/em><\/p>\n<p>Il Consiglio dell&#8217;isola di Fuerteventura ha completato la sostituzione di quasi 1.000 metri lineari di recinzione a Saladar de Jand\u00eda, come parte del programma &#8220;Fuerteventura, bella per natura&#8221; della Corporazione dell&#8217;isola.<\/p>\n<p>L&#8217;azione \u00e8 stata portata avanti dal Ministero regionale dell&#8217;Ambiente, con l&#8217;obiettivo di proteggere un&#8217;area di grande valore ambientale, l&#8217;unica zona umida delle Isole Canarie che fa parte della convenzione internazionale per la conservazione delle zone umide, la Rete di Ramsar.<\/p>\n<p>La presidente del Cabildo, Lola Garc\u00eda, ha sottolineato l&#8217;importanza di &#8220;preservare aree naturali di particolare importanza come il Saladar de Jand\u00eda, con un investimento di quasi 200.000 euro&#8221;.<\/p>\n<p>Da parte sua, l&#8217;assessore all&#8217;Ambiente, Carlos Rodr\u00edguez, ha lodato &#8220;il lavoro che ha permesso di ripristinare 963 metri di recinzione perimetrale, con l&#8217;obiettivo di proteggere la flora endemica e un ecosistema legato soprattutto all&#8217;avifauna marina&#8221;.  <\/p>\n<p>Alla visita dei lavori ha partecipato anche l&#8217;assessore all&#8217;Ambiente del Comune di P\u00e1jara, \u00c1ngeles Acosta.<\/p>\n<p>L&#8217;azione \u00e8 stata cofinanziata dall&#8217;Unione Europea attraverso il Fondo Europeo Agricolo per lo Sviluppo Rurale (FEASR) all&#8217;85% e le linee guida per le azioni ammissibili attuate dai Consigli insulari nell&#8217;ambito del Programma di Sviluppo Rurale delle Isole Canarie (PDR) per il periodo 2014-2020.<\/p>\n<p>I lavori consistevano nello smantellamento della recinzione in legno esistente e nell&#8217;installazione della nuova recinzione, nell&#8217;ambito di &#8220;Fuerteventura, bella per natura&#8221;, un potente programma di piccole opere di prossimit\u00e0 promosso dal Cabildo, dal Dipartimento delle Infrastrutture, diretto da Blas Acosta.<\/p>\n<p>Il Saladar de Jand\u00eda fa parte del Sito di interesse scientifico Playa del Matorral, nella localit\u00e0 di Morro Jable, nel comune di P\u00e1jara, ed \u00e8 incluso nella Rete Natura 2000, con due protezioni territorialmente coincidenti: Zona di Protezione Speciale per gli Uccelli (ZPS) e Zona Speciale di Conservazione (ZSC). Dal 2009 fa anche parte della Riserva della Biosfera di Fuerteventura dichiarata dall&#8217;Unesco. <\/p>\n<p>In questa zona, a causa del flusso delle maree, si formano piscine naturali di acqua di mare che inondano parte delle aree sabbiose. Il Saladar \u00e8 di grande importanza per la sua vegetazione alofila e per il suo valore come area di protezione degli uccelli. \u00c8 protetta da una recinzione perimetrale in legno per impedire il passaggio di persone sulla spiaggia, che pu\u00f2 portare al suo deterioramento e alla perdita di gran parte della flora della zona.  <\/p>\n<\/div>\n","protected":false},"excerpt":{"rendered":"<p>11 luglio 2025 Il lavoro \u00e8 stato completato dal Dipartimento dell&#8217;Ambiente come parte del programma &#8220;Fuerteventura, bella per natura&#8221;. Il Consiglio dell&#8217;isola di Fuerteventura ha completato la sostituzione di quasi [&hellip;]<\/p>\n","protected":false},"author":1,"featured_media":7296,"comment_status":"open","ping_status":"open","sticky":false,"template":"","format":"standard","meta":{"inline_featured_image":false,"jnews-multi-image_gallery":[],"jnews_single_post":[],"jnews_primary_category":[],"jnews_social_meta":[],"jnews_override_counter":[],"jnews_post_split":[],"footnotes":""},"categories":[289],"tags":[205,223],"class_list":["post-7299","post","type-post","status-publish","format-standard","has-post-thumbnail","hentry","category-cabildo-it","tag-ambiente","tag-fuerteventura-it"],"jetpack_featured_media_url":"https:\/\/informacionlocal.es\/wp-content\/uploads\/2025\/07\/eeeer.jpeg","_links":{"self":[{"href":"https:\/\/informacionlocal.es\/it\/wp-json\/wp\/v2\/posts\/7299","targetHints":{"allow":["GET"]}}],"collection":[{"href":"https:\/\/informacionlocal.es\/it\/wp-json\/wp\/v2\/posts"}],"about":[{"href":"https:\/\/informacionlocal.es\/it\/wp-json\/wp\/v2\/types\/post"}],"author":[{"embeddable":true,"href":"https:\/\/informacionlocal.es\/it\/wp-json\/wp\/v2\/users\/1"}],"replies":[{"embeddable":true,"href":"https:\/\/informacionlocal.es\/it\/wp-json\/wp\/v2\/comments?post=7299"}],"version-history":[{"count":0,"href":"https:\/\/informacionlocal.es\/it\/wp-json\/wp\/v2\/posts\/7299\/revisions"}],"wp:featuredmedia":[{"embeddable":true,"href":"https:\/\/informacionlocal.es\/it\/wp-json\/wp\/v2\/media\/7296"}],"wp:attachment":[{"href":"https:\/\/informacionlocal.es\/it\/wp-json\/wp\/v2\/media?parent=7299"}],"wp:term":[{"taxonomy":"category","embeddable":true,"href":"https:\/\/informacionlocal.es\/it\/wp-json\/wp\/v2\/categories?post=7299"},{"taxonomy":"post_tag","embeddable":true,"href":"https:\/\/informacionlocal.es\/it\/wp-json\/wp\/v2\/tags?post=7299"}],"curies":[{"name":"wp","href":"https:\/\/api.w.org\/{rel}","templated":true}]}}