{"id":7289,"date":"2025-07-11T11:59:54","date_gmt":"2025-07-11T10:59:54","guid":{"rendered":"https:\/\/informacionlocal.es\/pajara-conclude-il-workshop-la-tua-voce-sulla-tela-con-una-grande-partecipazione-dei-cittadini\/"},"modified":"2025-07-11T11:59:54","modified_gmt":"2025-07-11T10:59:54","slug":"pajara-conclude-il-workshop-la-tua-voce-sulla-tela-con-una-grande-partecipazione-dei-cittadini","status":"publish","type":"post","link":"https:\/\/informacionlocal.es\/it\/pajara-conclude-il-workshop-la-tua-voce-sulla-tela-con-una-grande-partecipazione-dei-cittadini\/","title":{"rendered":"P\u00e1jara conclude il workshop &#8220;La tua voce sulla tela&#8221; con una grande partecipazione dei cittadini"},"content":{"rendered":"<div class=\"entry-content\">\n<p><b><i>Il Comune promuove questa iniziativa intergenerazionale incentrata sulla creativit\u00e0, l&#8217;inclusione e il rafforzamento del tessuto sociale.<\/i><\/b><\/p>\n<p><span>Il Comune di P\u00e1jara, attraverso il Dipartimento degli Anziani, ha concluso il laboratorio creativo &#8220;La tua voce sulla tela&#8221;, sviluppato in tre giorni e concepito come un&#8217;esperienza aperta, partecipativa e inclusiva. L&#8217;attivit\u00e0 \u00e8 stata condotta dalle istruttrici Beatriz Bgangu e Idaira Reyes, che hanno creato un ambiente sicuro e creativo per tutti i partecipanti.   <\/span><\/p>\n<p><span>L&#8217;obiettivo principale di questo workshop era incoraggiare l&#8217;espressione artistica personale e collettiva attraverso la progettazione e la personalizzazione di tote bag. L&#8217;iniziativa ha permesso ai partecipanti di riflettere e catturare le loro idee, emozioni e valori in tessuti attorno a temi come l&#8217;uguaglianza, l&#8217;ambiente, la diversit\u00e0 e i sogni individuali.   <\/span><\/p>\n<p><span>L&#8217;assessore agli anziani, Raquel Acosta, ha sottolineato sia l&#8217;approccio inclusivo che l&#8217;impatto umano del workshop. &#8220;Il Comune \u00e8 fermamente impegnato in iniziative che incoraggiano la partecipazione attiva e l&#8217;accesso universale alla cultura. Questo progetto \u00e8 stato un esempio di come l&#8217;arte possa diventare uno strumento di integrazione, dialogo e costruzione collettiva&#8221;, ha sottolineato.   <\/span><\/p>\n<p><span>\u00c8 stato particolarmente significativo vedere come persone di et\u00e0 e provenienza diverse abbiano condiviso questo spazio con rispetto, creativit\u00e0 e generosit\u00e0&#8221;, ha detto.  <\/span><\/p>\n<p><span>Da parte sua, una delle istruttrici, Beatriz Bgangu, ha aggiunto che &#8220;La vostra voce in stoffa non \u00e8 stato solo un workshop, ma un atto di coraggio collettivo. Ogni stoffa ha dato colore e vita a emozioni che non avevano nome, a storie che non sempre sono state raccontate. \u00c8 stato uno spazio per guarire attraverso l&#8217;arte, per guardarci senza giudizio e per riconoscerci attraverso la tenerezza&#8221;.  <\/span><\/p>\n<p><span>Ogni sessione comprendeva dinamiche di riflessione, schizzi, progettazione di tessuti e una mostra finale in cui i partecipanti hanno condiviso il significato delle loro creazioni. Questa metodologia ha promosso non solo la creativit\u00e0, ma anche l&#8217;ascolto attivo, l&#8217;empatia e la coesione sociale.   <\/span><\/p>\n<\/div>\n","protected":false},"excerpt":{"rendered":"<p><i>Il Comune promuove questa iniziativa intergenerazionale incentrata sulla creativit\u00e0, l&#8217;inclusione e il rafforzamento del tessuto sociale.<\/i><\/p>\n","protected":false},"author":1,"featured_media":7284,"comment_status":"open","ping_status":"open","sticky":false,"template":"","format":"standard","meta":{"inline_featured_image":false,"jnews-multi-image_gallery":[],"jnews_single_post":[],"jnews_primary_category":[],"jnews_social_meta":[],"jnews_override_counter":[],"jnews_post_split":[],"footnotes":""},"categories":[298],"tags":[205,220],"class_list":["post-7289","post","type-post","status-publish","format-standard","has-post-thumbnail","hentry","category-pajara-it","tag-ambiente","tag-integrazione"],"jetpack_featured_media_url":"https:\/\/informacionlocal.es\/wp-content\/uploads\/2025\/07\/tu-voz-en-tela.png","_links":{"self":[{"href":"https:\/\/informacionlocal.es\/it\/wp-json\/wp\/v2\/posts\/7289","targetHints":{"allow":["GET"]}}],"collection":[{"href":"https:\/\/informacionlocal.es\/it\/wp-json\/wp\/v2\/posts"}],"about":[{"href":"https:\/\/informacionlocal.es\/it\/wp-json\/wp\/v2\/types\/post"}],"author":[{"embeddable":true,"href":"https:\/\/informacionlocal.es\/it\/wp-json\/wp\/v2\/users\/1"}],"replies":[{"embeddable":true,"href":"https:\/\/informacionlocal.es\/it\/wp-json\/wp\/v2\/comments?post=7289"}],"version-history":[{"count":0,"href":"https:\/\/informacionlocal.es\/it\/wp-json\/wp\/v2\/posts\/7289\/revisions"}],"wp:featuredmedia":[{"embeddable":true,"href":"https:\/\/informacionlocal.es\/it\/wp-json\/wp\/v2\/media\/7284"}],"wp:attachment":[{"href":"https:\/\/informacionlocal.es\/it\/wp-json\/wp\/v2\/media?parent=7289"}],"wp:term":[{"taxonomy":"category","embeddable":true,"href":"https:\/\/informacionlocal.es\/it\/wp-json\/wp\/v2\/categories?post=7289"},{"taxonomy":"post_tag","embeddable":true,"href":"https:\/\/informacionlocal.es\/it\/wp-json\/wp\/v2\/tags?post=7289"}],"curies":[{"name":"wp","href":"https:\/\/api.w.org\/{rel}","templated":true}]}}