{"id":7277,"date":"2025-07-11T01:00:07","date_gmt":"2025-07-11T00:00:07","guid":{"rendered":"https:\/\/informacionlocal.es\/riunione-di-coordinamento-per-linstallazione-della-fibra-ottica-nel-comune-di-puerto-del-rosario\/"},"modified":"2025-07-11T01:00:07","modified_gmt":"2025-07-11T00:00:07","slug":"riunione-di-coordinamento-per-linstallazione-della-fibra-ottica-nel-comune-di-puerto-del-rosario","status":"publish","type":"post","link":"https:\/\/informacionlocal.es\/it\/riunione-di-coordinamento-per-linstallazione-della-fibra-ottica-nel-comune-di-puerto-del-rosario\/","title":{"rendered":"Riunione di coordinamento per l&#8217;installazione della fibra ottica nel comune di Puerto del Rosario."},"content":{"rendered":"<div class=\"entry-content\">\n<p>Gioved\u00ec mattina, 10 luglio, si \u00e8 tenuta una riunione per coordinare l&#8217;installazione della fibra ottica nel comune di Puerto del Rosario, alla quale hanno partecipato: <strong>Juan Flores<\/strong>, direttore territoriale di Telef\u00f3nica nelle Isole Canarie, <strong>Jose Francisco Ruiz e Jes\u00fas Fern\u00e1ndez<\/strong> come direttori commerciali di Avatel Canarias, l&#8217;assessore alla Pianificazione Territoriale <strong>Nereida Calero<\/strong> e l&#8217;assessore alle Nuove Tecnologie <strong>Carmen Alonso<\/strong> del Cabildo di Fuerteventura, <strong>Javier Franco<\/strong>, direttore generale dell&#8217;Agenzia di Ricerca delle Isole Canarie del Governo delle Isole Canarie, <strong>Carlos Couro<\/strong> presidente dell&#8217;Associazione degli Ingegneri delle Telecomunicazioni, <strong>Rosa Rodr\u00edguez<\/strong> assessore alle Nuove Tecnologie del Comune di Puerto del Rosario e <strong>David de Vera<\/strong>, sindaco del comune.    <\/p>\n<p>L&#8217;incontro ha stabilito il coordinamento nella realizzazione del Piano per l&#8217;implementazione della fibra ottica nel comune di Puerto del Rosario, attraverso Il Programma per l&#8217;Universalizzazione delle Infrastrutture Digitali per la Coesione (UNICO) \u00e8 un&#8217;azione inquadrata nell&#8217;Investimento 1 della Componente 15 del Piano di Recupero, Trasformazione e Resilienza (PRTR) dell&#8217;economia spagnola e cofinanziata dall&#8217;Unione Europea &#8211; Next Generation EU, con fondi del Meccanismo di Recupero e Resilienza istituito dal Regolamento (UE) 2021-2021, Piano di trasformazione e resilienza (PRTR) dell&#8217;economia spagnola cofinanziato dall&#8217;Unione europea &#8211; Next Generation EU, con fondi del Meccanismo di ripresa e resilienza istituito dal Regolamento (UE) 2021\/241 del Parlamento europeo e del Consiglio del 12 febbraio 2021.<\/p>\n<p>L&#8217;obiettivo di questo incontro \u00e8 suddiviso in tre parti:<\/p>\n<p>Primo. Vedere lo stato di esecuzione dei piani UNICO 2021, 2022 e 2023 assegnati a Movistar e Avatel. <\/p>\n<p>Secondo. Far conoscere la pianificazione stabilita dal Comune di Puerto del Rosario per la diffusione della fibra ottica e della banda larga nel territorio comunale, nonch\u00e9 stabilire strategie di collaborazione congiunta. <\/p>\n<p>Terzo. Avviare procedure per l&#8217;eliminazione o la restituzione dei pali in fibra e delle linee aeree in disuso che causano un impatto visivo e paesaggistico nel territorio comunale. <\/p>\n<\/div>\n","protected":false},"excerpt":{"rendered":"<p>Gioved\u00ec mattina, 10 luglio, si \u00e8 tenuta una riunione per coordinare l&#8217;installazione della fibra ottica nel comune di Puerto del Rosario, alla quale hanno partecipato: Juan Flores, direttore territoriale di [&hellip;]<\/p>\n","protected":false},"author":1,"featured_media":7272,"comment_status":"open","ping_status":"open","sticky":false,"template":"","format":"standard","meta":{"inline_featured_image":false,"jnews-multi-image_gallery":[],"jnews_single_post":[],"jnews_primary_category":[],"jnews_social_meta":[],"jnews_override_counter":[],"jnews_post_split":[],"footnotes":""},"categories":[295],"tags":[223,259],"class_list":["post-7277","post","type-post","status-publish","format-standard","has-post-thumbnail","hentry","category-puerto-del-rosario-it","tag-fuerteventura-it","tag-infrastrutture"],"jetpack_featured_media_url":"https:\/\/informacionlocal.es\/wp-content\/uploads\/2025\/07\/fibra-titu-optica-reunion-100725.jpg","_links":{"self":[{"href":"https:\/\/informacionlocal.es\/it\/wp-json\/wp\/v2\/posts\/7277","targetHints":{"allow":["GET"]}}],"collection":[{"href":"https:\/\/informacionlocal.es\/it\/wp-json\/wp\/v2\/posts"}],"about":[{"href":"https:\/\/informacionlocal.es\/it\/wp-json\/wp\/v2\/types\/post"}],"author":[{"embeddable":true,"href":"https:\/\/informacionlocal.es\/it\/wp-json\/wp\/v2\/users\/1"}],"replies":[{"embeddable":true,"href":"https:\/\/informacionlocal.es\/it\/wp-json\/wp\/v2\/comments?post=7277"}],"version-history":[{"count":0,"href":"https:\/\/informacionlocal.es\/it\/wp-json\/wp\/v2\/posts\/7277\/revisions"}],"wp:featuredmedia":[{"embeddable":true,"href":"https:\/\/informacionlocal.es\/it\/wp-json\/wp\/v2\/media\/7272"}],"wp:attachment":[{"href":"https:\/\/informacionlocal.es\/it\/wp-json\/wp\/v2\/media?parent=7277"}],"wp:term":[{"taxonomy":"category","embeddable":true,"href":"https:\/\/informacionlocal.es\/it\/wp-json\/wp\/v2\/categories?post=7277"},{"taxonomy":"post_tag","embeddable":true,"href":"https:\/\/informacionlocal.es\/it\/wp-json\/wp\/v2\/tags?post=7277"}],"curies":[{"name":"wp","href":"https:\/\/api.w.org\/{rel}","templated":true}]}}