{"id":7228,"date":"2025-07-10T19:58:36","date_gmt":"2025-07-10T18:58:36","guid":{"rendered":"https:\/\/informacionlocal.es\/verbenas-fuochi-dartificio-e-processione-di-terra-marittima-in-questo-grande-fine-settimana-di-festeggiamenti-a-las-salinas\/"},"modified":"2025-07-10T19:58:36","modified_gmt":"2025-07-10T18:58:36","slug":"verbenas-fuochi-dartificio-e-processione-di-terra-marittima-in-questo-grande-fine-settimana-di-festeggiamenti-a-las-salinas","status":"publish","type":"post","link":"https:\/\/informacionlocal.es\/it\/verbenas-fuochi-dartificio-e-processione-di-terra-marittima-in-questo-grande-fine-settimana-di-festeggiamenti-a-las-salinas\/","title":{"rendered":"Verbenas, fuochi d&#8217;artificio e processione di terra marittima in questo grande fine settimana di festeggiamenti a Las Salinas"},"content":{"rendered":"<div class=\"elementor-widget-container\">\n<p><strong>Verbenas, fuochi d&#8217;artificio e processione di terra marittima in questo grande fine settimana di festeggiamenti a Las Salinas<\/strong><\/p>\n<p><strong>&#8211; Sul palco, gli artisti locali saranno lanciati verso la celebrit\u00e0 con Escala en HiFi alle 20.00, seguita dal cantante Aleo e, alle 23.00, dai gruppi Mejor con Copas e La Banda del Cuco.<\/strong><br \/><strong>&#8211; Sabato dalle 22:00 fino alle prime ore del mattino Gran Verbena con Kandela, il gruppo Pachanga e l&#8217;Orquesta Estrella Latina, interrotto solo dallo spettacolo pirotecnico acquatico-terrestre delle 00:00.  <\/strong><br \/><strong>&#8211; Las Salinas chiude le sue feste questa domenica, celebrando a partire dalle 13:30 la Processione Marittima in onore di Nostra Signora del Carmen accompagnata dalle parrandas El Campillo e Juan Pe\u00f1a.  <\/strong><br \/><strong>&#8211; Le orchestre Estrella Latina, Jacomar e D\u00fao Fantas\u00eda daranno il tocco finale alle Fiestas de Las Salinas questa domenica a partire dalle ore 16:00.<\/strong><\/p>\n<p>Le Fiestas de Las Salinas in onore di Nuestra Se\u00f1ora del Carmen si celebrano questo fine settimana in grande stile con festeggiamenti di prima mattina, uno spettacolare spettacolo pirotecnico, tornei, batucadas, la Processione delle Terre Marittime e l&#8217;addio popolare con parrandas da Antigua e orchestre eccezionali.<\/p>\n<p>Le Feste di Salinas sono organizzate dalla citt\u00e0 stessa e soprattutto per il divertimento dei suoi vicini, con amici, familiari e tutti coloro che vogliono condividere giornate in cui non mancano musica, giochi e tornei e feste per bambini, dice il sindaco, Mat\u00edas Pe\u00f1a.<\/p>\n<p>L&#8217;assessore alle Feste, Pedro M. Armas, non ha mancato di sottolineare il lavoro del Comitato Festeggiamenti, che \u00e8 in prima linea nell&#8217;organizzazione di tornei e competizioni e che \u00e8 il primo a divertirsi con danze e balli all&#8217;aperto.<\/p>\n<p>Ci aspetta un grande fine settimana di Fiestas de Las Salinas, godendo questo venerd\u00ec dalle ore 16:00 del Laboratorio di Micromacram\u00e9 offerto dal noto e amato artigiano del villaggio, Mart\u00edn, seguito da un&#8217;Esibizione di Lucha Canaria a cui possono partecipare anche i pi\u00f9 audaci, e poi alle ore 20:00, le stelle del villaggio saliranno sul palco dell&#8217;Escala en Hifi per dare il massimo al loro pubblico e al villaggio.<\/p>\n<p>Un venerd\u00ec sera di spettacoli, conclude l&#8217;assessore Pedro Armas, con il cantante Aleo e i noti e attesi gruppi Mejor con Copas e La Banda del Cuco.<\/p>\n<\/div>\n","protected":false},"excerpt":{"rendered":"<p><strong>Verbenas, fuochi d&#8217;artificio e processione di terra marittima in questo grande fine settimana di festeggiamenti a Las Salinas<\/strong><\/p>\n","protected":false},"author":1,"featured_media":7224,"comment_status":"open","ping_status":"open","sticky":false,"template":"","format":"standard","meta":{"inline_featured_image":false,"jnews-multi-image_gallery":[],"jnews_single_post":[],"jnews_primary_category":[],"jnews_social_meta":[],"jnews_override_counter":[],"jnews_post_split":[],"footnotes":""},"categories":[282],"tags":[],"class_list":["post-7228","post","type-post","status-publish","format-standard","has-post-thumbnail","hentry","category-antigua-it"],"jetpack_featured_media_url":"https:\/\/informacionlocal.es\/wp-content\/uploads\/2025\/07\/las-salinas-celebra-talleres-de-artesania-y-artes-de-pesca-2.jpg","_links":{"self":[{"href":"https:\/\/informacionlocal.es\/it\/wp-json\/wp\/v2\/posts\/7228","targetHints":{"allow":["GET"]}}],"collection":[{"href":"https:\/\/informacionlocal.es\/it\/wp-json\/wp\/v2\/posts"}],"about":[{"href":"https:\/\/informacionlocal.es\/it\/wp-json\/wp\/v2\/types\/post"}],"author":[{"embeddable":true,"href":"https:\/\/informacionlocal.es\/it\/wp-json\/wp\/v2\/users\/1"}],"replies":[{"embeddable":true,"href":"https:\/\/informacionlocal.es\/it\/wp-json\/wp\/v2\/comments?post=7228"}],"version-history":[{"count":0,"href":"https:\/\/informacionlocal.es\/it\/wp-json\/wp\/v2\/posts\/7228\/revisions"}],"wp:featuredmedia":[{"embeddable":true,"href":"https:\/\/informacionlocal.es\/it\/wp-json\/wp\/v2\/media\/7224"}],"wp:attachment":[{"href":"https:\/\/informacionlocal.es\/it\/wp-json\/wp\/v2\/media?parent=7228"}],"wp:term":[{"taxonomy":"category","embeddable":true,"href":"https:\/\/informacionlocal.es\/it\/wp-json\/wp\/v2\/categories?post=7228"},{"taxonomy":"post_tag","embeddable":true,"href":"https:\/\/informacionlocal.es\/it\/wp-json\/wp\/v2\/tags?post=7228"}],"curies":[{"name":"wp","href":"https:\/\/api.w.org\/{rel}","templated":true}]}}