{"id":7181,"date":"2025-07-10T15:58:30","date_gmt":"2025-07-10T14:58:30","guid":{"rendered":"https:\/\/informacionlocal.es\/il-municipio-di-pajara-rafforza-la-sicurezza-durante-le-feste-con-un-sistema-di-videosorveglianza\/"},"modified":"2025-07-10T15:58:30","modified_gmt":"2025-07-10T14:58:30","slug":"il-municipio-di-pajara-rafforza-la-sicurezza-durante-le-feste-con-un-sistema-di-videosorveglianza","status":"publish","type":"post","link":"https:\/\/informacionlocal.es\/it\/il-municipio-di-pajara-rafforza-la-sicurezza-durante-le-feste-con-un-sistema-di-videosorveglianza\/","title":{"rendered":"Il Municipio di P\u00e1jara rafforza la sicurezza durante le feste con un sistema di videosorveglianza."},"content":{"rendered":"<div class=\"entry-content\">\n<p><b><i>Le celebrazioni di Nuestra Se\u00f1ora del Carmen e Playa de la Cebada avranno 43 telecamere nei punti strategici.<\/i><\/b><\/p>\n<p><span>Il Municipio di P\u00e1jara compie un passo importante in termini di sicurezza pubblica con l&#8217;installazione di un totale di quarantatr\u00e9 telecamere di videosorveglianza nella zona di Plaza de Los Pescadores e dintorni, tra cui il vicolo, il viale, la via San Miguel e l&#8217;intero parcheggio.  <\/span><\/p>\n<p><span>Questa azione ha comportato un investimento totale di 15.400 euro, finalizzato a garantire una maggiore sicurezza durante la celebrazione di eventi pubblici e, in particolare, nell&#8217;ambito dei festeggiamenti di Nuestra Se\u00f1ora del Carmen e del Cebada Beach festival.  <\/span><\/p>\n<p><span>Ieri, la presidente del Consiglio dell&#8217;isola di Fuerteventura, Lola Garc\u00eda, il sindaco di P\u00e1jara, Alejandro Jorge, il primo vicesindaco, Alexis Alonso, l&#8217;assessore alla sicurezza e alle emergenze, Raimundo Dacosta, e l&#8217;assessore alla cultura, Raquel Acosta, hanno presentato questo nuovo sistema di telecamere, che sar\u00e0 pienamente operativo durante le feste. Il sistema consentir\u00e0 alle forze di polizia di agire in modo pi\u00f9 efficace in caso di qualsiasi evenienza.   <\/span><\/p>\n<p><span>Il sindaco Alejandro Jorge sottolinea l&#8217;importanza di &#8220;continuare ad aumentare le risorse destinate alla protezione pubblica&#8221;. &#8220;Dal punto di vista municipale, e con i poteri che ci spettano, P\u00e1jara \u00e8 un esempio di cosa significhi incorporare risorse umane e materiali per rafforzare la prevenzione e l&#8217;ordine pubblico&#8221;, aggiunge.   <\/span><\/p>\n<p><span>Da parte sua, l&#8217;assessore alla Sicurezza e alle Emergenze, Raimundo Dacosta, sottolinea che &#8220;l&#8217;installazione di queste telecamere non solo migliora la capacit\u00e0 di risposta immediata a eventuali incidenti, ma ha anche un effetto dissuasivo che contribuisce alla prevenzione di situazioni indesiderate&#8221;.<\/span><\/p>\n<p><span>Allo stesso modo, l&#8217;assessore alla Cultura, Raquel Acosta, sottolinea che con queste misure le nostre feste &#8220;avranno un ambiente pi\u00f9 sicuro che permetter\u00e0 a residenti e turisti di godere di tutte le attivit\u00e0 programmate&#8221;.  <\/span><\/p>\n<p><span>L&#8217;installazione di questo sistema di sorveglianza risponde all&#8217;impegno del Comune per la prevenzione e il miglioramento continuo della sicurezza in situazioni di alta concentrazione di cittadini.  <\/span><\/p>\n<\/div>\n","protected":false},"excerpt":{"rendered":"<p><i>Le celebrazioni di Nuestra Se\u00f1ora del Carmen e Playa de la Cebada avranno 43 telecamere nei punti strategici.<\/i><\/p>\n","protected":false},"author":1,"featured_media":7176,"comment_status":"open","ping_status":"open","sticky":false,"template":"","format":"standard","meta":{"inline_featured_image":false,"jnews-multi-image_gallery":[],"jnews_single_post":[],"jnews_primary_category":[],"jnews_social_meta":[],"jnews_override_counter":[],"jnews_post_split":[],"footnotes":""},"categories":[298],"tags":[223],"class_list":["post-7181","post","type-post","status-publish","format-standard","has-post-thumbnail","hentry","category-pajara-it","tag-fuerteventura-it"],"jetpack_featured_media_url":"https:\/\/informacionlocal.es\/wp-content\/uploads\/2025\/07\/camaras.jpeg","_links":{"self":[{"href":"https:\/\/informacionlocal.es\/it\/wp-json\/wp\/v2\/posts\/7181","targetHints":{"allow":["GET"]}}],"collection":[{"href":"https:\/\/informacionlocal.es\/it\/wp-json\/wp\/v2\/posts"}],"about":[{"href":"https:\/\/informacionlocal.es\/it\/wp-json\/wp\/v2\/types\/post"}],"author":[{"embeddable":true,"href":"https:\/\/informacionlocal.es\/it\/wp-json\/wp\/v2\/users\/1"}],"replies":[{"embeddable":true,"href":"https:\/\/informacionlocal.es\/it\/wp-json\/wp\/v2\/comments?post=7181"}],"version-history":[{"count":0,"href":"https:\/\/informacionlocal.es\/it\/wp-json\/wp\/v2\/posts\/7181\/revisions"}],"wp:featuredmedia":[{"embeddable":true,"href":"https:\/\/informacionlocal.es\/it\/wp-json\/wp\/v2\/media\/7176"}],"wp:attachment":[{"href":"https:\/\/informacionlocal.es\/it\/wp-json\/wp\/v2\/media?parent=7181"}],"wp:term":[{"taxonomy":"category","embeddable":true,"href":"https:\/\/informacionlocal.es\/it\/wp-json\/wp\/v2\/categories?post=7181"},{"taxonomy":"post_tag","embeddable":true,"href":"https:\/\/informacionlocal.es\/it\/wp-json\/wp\/v2\/tags?post=7181"}],"curies":[{"name":"wp","href":"https:\/\/api.w.org\/{rel}","templated":true}]}}