{"id":7131,"date":"2025-07-10T10:00:45","date_gmt":"2025-07-10T09:00:45","guid":{"rendered":"https:\/\/informacionlocal.es\/tecnofest-favorisce-il-collegamento-tra-i-talenti-locali-e-il-tessuto-commerciale-dellisola\/"},"modified":"2025-07-10T10:00:45","modified_gmt":"2025-07-10T09:00:45","slug":"tecnofest-favorisce-il-collegamento-tra-i-talenti-locali-e-il-tessuto-commerciale-dellisola","status":"publish","type":"post","link":"https:\/\/informacionlocal.es\/it\/tecnofest-favorisce-il-collegamento-tra-i-talenti-locali-e-il-tessuto-commerciale-dellisola\/","title":{"rendered":"Tecnofest favorisce il collegamento tra i talenti locali e il tessuto commerciale dell&#8217;isola"},"content":{"rendered":"<div class=\"entry-content\"><strong>10 luglio 2025<\/strong><\/p>\n<p><em><strong>Aziende, cittadini ed esperti hanno riflettuto sull&#8217;importanza della tecnologia nelle sfide quotidiane della societ\u00e0 e del business.<\/strong><\/em><\/p>\n<p>Il Cabildo de Fuerteventura, attraverso l&#8217;area delle Nuove Tecnologie, diretta dal consigliere Carmen Alonso, ha tenuto con successo la conferenza TecnoFest Fuerteventura. Un format innovativo in cui imprese e cittadini hanno riflettuto sull&#8217;importanza della tecnologia nelle sfide quotidiane del business e della societ\u00e0. <\/p>\n<p>L&#8217;evento si \u00e8 svolto nella citt\u00e0 di Lajares, nel comune di La Oliva. Per l&#8217;assessore Carmen Alonso, &#8220;\u00e8 importante che i cittadini siano consapevoli degli strumenti tecnologici e di come incanalarli a beneficio delle persone e delle entit\u00e0 che vivono e lavorano qui a Fuerteventura&#8221;. &#8220;Lo facciamo avvicinando la tecnologia e in modo partecipativo, contribuendo con idee preziose a beneficio del nostro tessuto economico e sociale&#8221;. Durante l&#8217;attivit\u00e0 erano presenti anche l&#8217;assessore alla Cultura, David Hern\u00e1ndez, l&#8217;assessore al Commercio, Alejandra Mart\u00edn, e l&#8217;assessore al Turismo e all&#8217;Ambiente, David Fajardo.   <\/p>\n<p>C\u00e9sar Garc\u00eda, della societ\u00e0 di consulenza Bementory, \u00e8 stato incaricato di aprire l&#8217;attivit\u00e0 con l&#8217;intervento &#8220;Viviamo in un mondo che cambia&#8221;, mentre l&#8217;associazione My Fuerte Prod ha affrontato i problemi attuali e reali di Fuerteventura nel settore commerciale.<\/p>\n<p>Inoltre, diversi team multidisciplinari, composti da persone con profili e background differenti, hanno lavorato su problemi reali posti da imprese e organizzazioni locali, proponendo soluzioni tecnologiche per rispondere alle sfide individuate. Sono stati accompagnati da mentori ed esperti di tecnologia.   <\/p>\n<p>Carmen Alonso ha ringraziato i partecipanti per il loro grande coinvolgimento in un evento che ha unito lavoro collaborativo, workshop e presentazioni. Uno spazio di ispirazione per la connessione tra i talenti locali e il tessuto commerciale dell&#8217;isola. <\/p>\n<\/div>\n","protected":false},"excerpt":{"rendered":"<p>10 luglio 2025 Aziende, cittadini ed esperti hanno riflettuto sull&#8217;importanza della tecnologia nelle sfide quotidiane della societ\u00e0 e del business. Il Cabildo de Fuerteventura, attraverso l&#8217;area delle Nuove Tecnologie, diretta [&hellip;]<\/p>\n","protected":false},"author":1,"featured_media":7128,"comment_status":"open","ping_status":"open","sticky":false,"template":"","format":"standard","meta":{"inline_featured_image":false,"jnews-multi-image_gallery":[],"jnews_single_post":[],"jnews_primary_category":[],"jnews_social_meta":[],"jnews_override_counter":[],"jnews_post_split":[],"footnotes":""},"categories":[289],"tags":[205,223],"class_list":["post-7131","post","type-post","status-publish","format-standard","has-post-thumbnail","hentry","category-cabildo-it","tag-ambiente","tag-fuerteventura-it"],"jetpack_featured_media_url":"https:\/\/informacionlocal.es\/wp-content\/uploads\/2025\/07\/wwwewe.jpeg","_links":{"self":[{"href":"https:\/\/informacionlocal.es\/it\/wp-json\/wp\/v2\/posts\/7131","targetHints":{"allow":["GET"]}}],"collection":[{"href":"https:\/\/informacionlocal.es\/it\/wp-json\/wp\/v2\/posts"}],"about":[{"href":"https:\/\/informacionlocal.es\/it\/wp-json\/wp\/v2\/types\/post"}],"author":[{"embeddable":true,"href":"https:\/\/informacionlocal.es\/it\/wp-json\/wp\/v2\/users\/1"}],"replies":[{"embeddable":true,"href":"https:\/\/informacionlocal.es\/it\/wp-json\/wp\/v2\/comments?post=7131"}],"version-history":[{"count":0,"href":"https:\/\/informacionlocal.es\/it\/wp-json\/wp\/v2\/posts\/7131\/revisions"}],"wp:featuredmedia":[{"embeddable":true,"href":"https:\/\/informacionlocal.es\/it\/wp-json\/wp\/v2\/media\/7128"}],"wp:attachment":[{"href":"https:\/\/informacionlocal.es\/it\/wp-json\/wp\/v2\/media?parent=7131"}],"wp:term":[{"taxonomy":"category","embeddable":true,"href":"https:\/\/informacionlocal.es\/it\/wp-json\/wp\/v2\/categories?post=7131"},{"taxonomy":"post_tag","embeddable":true,"href":"https:\/\/informacionlocal.es\/it\/wp-json\/wp\/v2\/tags?post=7131"}],"curies":[{"name":"wp","href":"https:\/\/api.w.org\/{rel}","templated":true}]}}