{"id":7120,"date":"2025-07-09T20:02:19","date_gmt":"2025-07-09T19:02:19","guid":{"rendered":"https:\/\/informacionlocal.es\/il-laboratorio-di-ceramica-aborigena-del-programma-enredarte-del-cabildo-di-fuerteventura-si-conclude-con-successo\/"},"modified":"2025-07-09T20:02:19","modified_gmt":"2025-07-09T19:02:19","slug":"il-laboratorio-di-ceramica-aborigena-del-programma-enredarte-del-cabildo-di-fuerteventura-si-conclude-con-successo","status":"publish","type":"post","link":"https:\/\/informacionlocal.es\/it\/il-laboratorio-di-ceramica-aborigena-del-programma-enredarte-del-cabildo-di-fuerteventura-si-conclude-con-successo\/","title":{"rendered":"Il laboratorio di ceramica aborigena del programma &#8220;EnRedArte&#8221; del Cabildo di Fuerteventura si conclude con successo."},"content":{"rendered":"<div class=\"entry-content\"><strong>9 luglio 2025<\/strong><\/p>\n<p>Il Cabildo de Fuerteventura, attraverso il Dipartimento dell&#8217;Artigianato, ha portato a termine con successo il laboratorio di ceramica aborigena e tradizionale che si \u00e8 tenuto a partire dallo scorso giugno, nell&#8217;ambito del progetto di recupero e diffusione dell&#8217;artigianato &#8220;EnRedarte&#8221;.<\/p>\n<p>Il workshop \u00e8 stato tenuto dall&#8217;artigiano ceramista Jos\u00e9 Luis Aradas, nel Centro Culturale di Tetir, e ha incluso anche un intervento del maestro ceramista Silverio L\u00f3pez. La scorsa settimana il workshop si \u00e8 concluso con la consegna dei diplomi e il processo di cottura dei pezzi di ceramica direttamente sul fuoco, secondo il metodo tradizionale. <\/p>\n<p>L&#8217;Assessore all&#8217;Artigianato, Lolina Negr\u00edn, ha sottolineato il valore dei laboratori di &#8216;EnRedArte&#8217;, &#8220;che sono uno strumento efficace per garantire la continuit\u00e0 di diversi tipi di artigianato che fanno parte della nostra identit\u00e0 collettiva&#8221;. In questo caso, la ceramica tradizionale, &#8220;che fa parte delle manifestazioni della nostra cultura, con abilit\u00e0 e tecniche che fanno parte del patrimonio immateriale di Fuerteventura e delle Isole Canarie&#8221;. <\/p>\n<p>Si tratta di una pratica artigianale che, per secoli, \u00e8 stata fondamentale per fornire alla societ\u00e0 oggetti di uso quotidiano. Con un approccio teorico-pratico, gli studenti hanno appreso l&#8217;evoluzione di questa tradizione, a partire dalle tecniche utilizzate dalle popolazioni aborigene. Gli argomenti trattati comprendono il reperimento e la preparazione dell&#8217;argilla, l&#8217;uso degli strumenti tradizionali, la modellazione, la decorazione e la cottura diretta.    <\/p>\n<\/div>\n","protected":false},"excerpt":{"rendered":"<p>9 luglio 2025 Il Cabildo de Fuerteventura, attraverso il Dipartimento dell&#8217;Artigianato, ha portato a termine con successo il laboratorio di ceramica aborigena e tradizionale che si \u00e8 tenuto a partire [&hellip;]<\/p>\n","protected":false},"author":1,"featured_media":7116,"comment_status":"open","ping_status":"open","sticky":false,"template":"","format":"standard","meta":{"inline_featured_image":false,"jnews-multi-image_gallery":[],"jnews_single_post":[],"jnews_primary_category":[],"jnews_social_meta":[],"jnews_override_counter":[],"jnews_post_split":[],"footnotes":""},"categories":[289],"tags":[223],"class_list":["post-7120","post","type-post","status-publish","format-standard","has-post-thumbnail","hentry","category-cabildo-it","tag-fuerteventura-it"],"jetpack_featured_media_url":"https:\/\/informacionlocal.es\/wp-content\/uploads\/2025\/07\/eeee-3.jpeg","_links":{"self":[{"href":"https:\/\/informacionlocal.es\/it\/wp-json\/wp\/v2\/posts\/7120","targetHints":{"allow":["GET"]}}],"collection":[{"href":"https:\/\/informacionlocal.es\/it\/wp-json\/wp\/v2\/posts"}],"about":[{"href":"https:\/\/informacionlocal.es\/it\/wp-json\/wp\/v2\/types\/post"}],"author":[{"embeddable":true,"href":"https:\/\/informacionlocal.es\/it\/wp-json\/wp\/v2\/users\/1"}],"replies":[{"embeddable":true,"href":"https:\/\/informacionlocal.es\/it\/wp-json\/wp\/v2\/comments?post=7120"}],"version-history":[{"count":0,"href":"https:\/\/informacionlocal.es\/it\/wp-json\/wp\/v2\/posts\/7120\/revisions"}],"wp:featuredmedia":[{"embeddable":true,"href":"https:\/\/informacionlocal.es\/it\/wp-json\/wp\/v2\/media\/7116"}],"wp:attachment":[{"href":"https:\/\/informacionlocal.es\/it\/wp-json\/wp\/v2\/media?parent=7120"}],"wp:term":[{"taxonomy":"category","embeddable":true,"href":"https:\/\/informacionlocal.es\/it\/wp-json\/wp\/v2\/categories?post=7120"},{"taxonomy":"post_tag","embeddable":true,"href":"https:\/\/informacionlocal.es\/it\/wp-json\/wp\/v2\/tags?post=7120"}],"curies":[{"name":"wp","href":"https:\/\/api.w.org\/{rel}","templated":true}]}}