{"id":7095,"date":"2025-07-09T18:02:13","date_gmt":"2025-07-09T17:02:13","guid":{"rendered":"https:\/\/informacionlocal.es\/per-la-prima-volta-nella-storia-il-municipio-di-pajara-riceve-il-ricevimento-di-unurbanizzazione-senza-intervento-giudiziario\/"},"modified":"2025-07-09T18:02:13","modified_gmt":"2025-07-09T17:02:13","slug":"per-la-prima-volta-nella-storia-il-municipio-di-pajara-riceve-il-ricevimento-di-unurbanizzazione-senza-intervento-giudiziario","status":"publish","type":"post","link":"https:\/\/informacionlocal.es\/it\/per-la-prima-volta-nella-storia-il-municipio-di-pajara-riceve-il-ricevimento-di-unurbanizzazione-senza-intervento-giudiziario\/","title":{"rendered":"Per la prima volta nella storia, il Municipio di P\u00e1jara riceve il ricevimento di un&#8217;urbanizzazione senza intervento giudiziario."},"content":{"rendered":"<div class=\"entry-content\">\n<p><b><i>La firma con il promotore urbano consente al Concistoro di agire legalmente a Esquino e di attuare miglioramenti nei servizi di base.  <\/i><\/b><\/p>\n<p><span>Il Municipio di P\u00e1jara ha ufficializzato questo mercoled\u00ec una tappa storica in termini di gestione dello sviluppo urbano ricevendo, per la prima volta senza intervento giudiziario, un&#8217;urbanizzazione del Comune nella localit\u00e0 di Esquinzo.  <\/span><\/p>\n<p><span>La cerimonia di firma si \u00e8 svolta presso lo studio notarile di Morro Jable, alla presenza del sindaco di P\u00e1jara, Alejandro Jorge, del primo vicesindaco, Alexis Alonso, e dell&#8217;urbanista Antonio Cabrera.  <\/span><\/p>\n<p><span>Questo importante passo \u00e8 il risultato della gestione responsabile dell&#8217;attuale gruppo di governo e del clima di collaborazione instaurato con la comunit\u00e0 imprenditoriale locale. L&#8217;accoglienza permetter\u00e0 al Concistoro di intervenire legalmente e tecnicamente a Esquinzo, realizzando investimenti per il miglioramento dell&#8217;area.   <\/span><\/p>\n<p><span>Il primo vicesindaco e assessore all&#8217;Urbanistica, Alexis Alonso, ha sottolineato l&#8217;importanza di questa iniziativa. &#8220;Questo ci permetter\u00e0 di intraprendere direttamente i miglioramenti necessari, come il rinnovamento dell&#8217;illuminazione stradale, il miglioramento dei marciapiedi, il rifacimento della rete fognaria e altre azioni fondamentali&#8221;, ha affermato. Ha inoltre affermato che &#8220;si tratta di servizi di base che, finalmente, potremo attivare dall&#8217;amministrazione a beneficio di tutti i nostri vicini&#8221;.    <\/span><\/p>\n<p><span>&#8220;L&#8217;ufficio tecnico comunale continua a lavorare intensamente per progredire nell&#8217;accoglienza delle altre urbanizzazioni del comune, con l&#8217;obiettivo che tutte dispongano di servizi adeguati e siano pienamente integrate nella pianificazione urbana di P\u00e1jara&#8221;, ha aggiunto.  <\/span><\/p>\n<p><span>Da parte sua, il sindaco di P\u00e1jara, Alejandro Jorge, ha espresso la sua soddisfazione dopo la firma. &#8220;\u00c8 una priorit\u00e0 per questo Municipio ricevere le urbanizzazioni non ancora formalmente integrate, e questo accordo dimostra che \u00e8 possibile procedere senza dover ricorrere a controversie legali&#8221;. Ha inoltre ringraziato il costruttore per la sua predisposizione, che &#8220;permetter\u00e0 di fornire all&#8217;area i servizi che merita&#8221;.    <\/span><\/p>\n<p><span>La firma di questo accordo \u00e8 un passo deciso nella tabella di marcia del Gruppo di Governo per la regolamentazione e il miglioramento delle urbanizzazioni del comune. Il Concistoro continuer\u00e0 a lavorare con tutti gli agenti coinvolti per progredire nell&#8217;integrazione delle aree residenziali che non dispongono dei necessari servizi comunali.  <\/span><\/p>\n<\/div>\n","protected":false},"excerpt":{"rendered":"<p><i>La firma con il promotore urbano consente al Concistoro di agire legalmente a Esquino e di attuare miglioramenti nei servizi di base.  <\/i><\/p>\n","protected":false},"author":1,"featured_media":7092,"comment_status":"open","ping_status":"open","sticky":false,"template":"","format":"standard","meta":{"inline_featured_image":false,"jnews-multi-image_gallery":[],"jnews_single_post":[],"jnews_primary_category":[],"jnews_social_meta":[],"jnews_override_counter":[],"jnews_post_split":[],"footnotes":""},"categories":[298],"tags":[220,365],"class_list":["post-7095","post","type-post","status-publish","format-standard","has-post-thumbnail","hentry","category-pajara-it","tag-integrazione","tag-pianificazione-urbanistica"],"jetpack_featured_media_url":"https:\/\/informacionlocal.es\/wp-content\/uploads\/2025\/07\/esquinzo-e1752072160619.png","_links":{"self":[{"href":"https:\/\/informacionlocal.es\/it\/wp-json\/wp\/v2\/posts\/7095","targetHints":{"allow":["GET"]}}],"collection":[{"href":"https:\/\/informacionlocal.es\/it\/wp-json\/wp\/v2\/posts"}],"about":[{"href":"https:\/\/informacionlocal.es\/it\/wp-json\/wp\/v2\/types\/post"}],"author":[{"embeddable":true,"href":"https:\/\/informacionlocal.es\/it\/wp-json\/wp\/v2\/users\/1"}],"replies":[{"embeddable":true,"href":"https:\/\/informacionlocal.es\/it\/wp-json\/wp\/v2\/comments?post=7095"}],"version-history":[{"count":0,"href":"https:\/\/informacionlocal.es\/it\/wp-json\/wp\/v2\/posts\/7095\/revisions"}],"wp:featuredmedia":[{"embeddable":true,"href":"https:\/\/informacionlocal.es\/it\/wp-json\/wp\/v2\/media\/7092"}],"wp:attachment":[{"href":"https:\/\/informacionlocal.es\/it\/wp-json\/wp\/v2\/media?parent=7095"}],"wp:term":[{"taxonomy":"category","embeddable":true,"href":"https:\/\/informacionlocal.es\/it\/wp-json\/wp\/v2\/categories?post=7095"},{"taxonomy":"post_tag","embeddable":true,"href":"https:\/\/informacionlocal.es\/it\/wp-json\/wp\/v2\/tags?post=7095"}],"curies":[{"name":"wp","href":"https:\/\/api.w.org\/{rel}","templated":true}]}}