{"id":7084,"date":"2025-07-09T16:59:55","date_gmt":"2025-07-09T15:59:55","guid":{"rendered":"https:\/\/informacionlocal.es\/completamento-con-successo-del-corso-di-skipper-di-pesca-locale-organizzato-dal-cabildo-de-fuerteventura-e-dal-gac\/"},"modified":"2025-07-09T16:59:55","modified_gmt":"2025-07-09T15:59:55","slug":"completamento-con-successo-del-corso-di-skipper-di-pesca-locale-organizzato-dal-cabildo-de-fuerteventura-e-dal-gac","status":"publish","type":"post","link":"https:\/\/informacionlocal.es\/it\/completamento-con-successo-del-corso-di-skipper-di-pesca-locale-organizzato-dal-cabildo-de-fuerteventura-e-dal-gac\/","title":{"rendered":"Completamento con successo del corso di skipper di pesca locale organizzato dal Cabildo de Fuerteventura e dal GAC"},"content":{"rendered":"<div class=\"entry-content\"><strong>9 luglio 2025<\/strong><\/p>\n<p>Si \u00e8 concluso con successo il corso per comandanti di pesca locali, che si \u00e8 tenuto presso le strutture della Corporazione dei Pescatori di Gran Tarajal a partire dallo scorso novembre. Un&#8217;azione di formazione co-finanziata dal Cabildo di Fuerteventura e dal Gruppo di Azione Costiera, con un investimento di 28.000 euro. <\/p>\n<p>La presidente dell&#8217;isola, Lola Garc\u00eda, ha consegnato ieri i diplomi, congratulandosi con i partecipanti a un corso che permette loro di entrare nel settore della pesca, che fa parte della nostra economia e della nostra identit\u00e0 locale. Il corso risponde anche a una delle richieste storiche di formazione sull&#8217;isola avanzate dalle diverse corporazioni, perch\u00e9 le persone che hanno completato la formazione hanno evitato di doversi recare a Lanzarote per ottenere le loro qualifiche. <\/p>\n<p>L&#8217;Assessore all&#8217;Agricoltura, all&#8217;Allevamento e alla Pesca, Mat\u00edas Pe\u00f1a, ha sottolineato il valore di un corso necessario per ottenere il titolo che consente di lavorare come capitano, skipper e direttore di macchina, che facilita la conservazione di questo settore tradizionale a Fuerteventura.<\/p>\n<p>Alla consegna dei diplomi ha partecipato anche Lorenzo Brito, patrono della Cofrad\u00eda de Gran Tarajal e presidente della Federaci\u00f3n de Cofrad\u00edas de Pescadores de Canarias.<\/p>\n<\/div>\n","protected":false},"excerpt":{"rendered":"<p>9 luglio 2025 Si \u00e8 concluso con successo il corso per comandanti di pesca locali, che si \u00e8 tenuto presso le strutture della Corporazione dei Pescatori di Gran Tarajal a [&hellip;]<\/p>\n","protected":false},"author":1,"featured_media":7080,"comment_status":"open","ping_status":"open","sticky":false,"template":"","format":"standard","meta":{"inline_featured_image":false,"jnews-multi-image_gallery":[],"jnews_single_post":[],"jnews_primary_category":[],"jnews_social_meta":[],"jnews_override_counter":[],"jnews_post_split":[],"footnotes":""},"categories":[289],"tags":[223],"class_list":["post-7084","post","type-post","status-publish","format-standard","has-post-thumbnail","hentry","category-cabildo-it","tag-fuerteventura-it"],"jetpack_featured_media_url":"https:\/\/informacionlocal.es\/wp-content\/uploads\/2025\/07\/rr.jpeg","_links":{"self":[{"href":"https:\/\/informacionlocal.es\/it\/wp-json\/wp\/v2\/posts\/7084","targetHints":{"allow":["GET"]}}],"collection":[{"href":"https:\/\/informacionlocal.es\/it\/wp-json\/wp\/v2\/posts"}],"about":[{"href":"https:\/\/informacionlocal.es\/it\/wp-json\/wp\/v2\/types\/post"}],"author":[{"embeddable":true,"href":"https:\/\/informacionlocal.es\/it\/wp-json\/wp\/v2\/users\/1"}],"replies":[{"embeddable":true,"href":"https:\/\/informacionlocal.es\/it\/wp-json\/wp\/v2\/comments?post=7084"}],"version-history":[{"count":0,"href":"https:\/\/informacionlocal.es\/it\/wp-json\/wp\/v2\/posts\/7084\/revisions"}],"wp:featuredmedia":[{"embeddable":true,"href":"https:\/\/informacionlocal.es\/it\/wp-json\/wp\/v2\/media\/7080"}],"wp:attachment":[{"href":"https:\/\/informacionlocal.es\/it\/wp-json\/wp\/v2\/media?parent=7084"}],"wp:term":[{"taxonomy":"category","embeddable":true,"href":"https:\/\/informacionlocal.es\/it\/wp-json\/wp\/v2\/categories?post=7084"},{"taxonomy":"post_tag","embeddable":true,"href":"https:\/\/informacionlocal.es\/it\/wp-json\/wp\/v2\/tags?post=7084"}],"curies":[{"name":"wp","href":"https:\/\/api.w.org\/{rel}","templated":true}]}}