{"id":7061,"date":"2025-07-09T15:01:27","date_gmt":"2025-07-09T14:01:27","guid":{"rendered":"https:\/\/informacionlocal.es\/110-studenti-iniziano-i-loro-stage-estivi-con-il-cabildo-di-fuerteventura\/"},"modified":"2025-07-09T15:01:27","modified_gmt":"2025-07-09T14:01:27","slug":"110-studenti-iniziano-i-loro-stage-estivi-con-il-cabildo-di-fuerteventura","status":"publish","type":"post","link":"https:\/\/informacionlocal.es\/it\/110-studenti-iniziano-i-loro-stage-estivi-con-il-cabildo-di-fuerteventura\/","title":{"rendered":"110 studenti iniziano i loro stage estivi con il Cabildo di Fuerteventura"},"content":{"rendered":"<div class=\"entry-content\"><strong>9 luglio 2025<\/strong><\/p>\n<p>Il Cabildo de Fuerteventura ha dato il benvenuto oggi, mercoled\u00ec 9 luglio, ai 110 studenti che trascorreranno un mese e mezzo di stage estivi presso la Corporazione dell&#8217;isola, cos\u00ec come presso municipi, aziende e altri enti, grazie al Programma di Borse di Studio di Formazione Pratica del Dipartimento dell&#8217;Educazione. Come novit\u00e0 di quest&#8217;anno, i tirocini sono stati estesi agli studenti di blended learning e di distance learning, che hanno accesso alle borse di studio per la prima volta, al fine di mettere sullo stesso piano le diverse modalit\u00e0 di studio. <\/p>\n<p>La presidente della Corporazione insulare, Lola Garc\u00eda, &#8220;ha sottolineato il valore di un programma unico nelle Isole Canarie, con pi\u00f9 di vent&#8217;anni di esperienza e che ha gi\u00e0 permesso a pi\u00f9 di 3.000 persone di avere un primo approccio con il mondo del lavoro in questa istituzione e in altri enti che collaborano&#8221;. &#8220;Un programma che ha un investimento di 250.000 euro da parte del Cabildo di Fuerteventura&#8221;. <\/p>\n<p>L&#8217;assessore all&#8217;Educazione, Adargoma Hern\u00e1ndez, ha espresso la sua gratitudine per il lavoro congiunto con la Corporazione delle Risorse Umane dell&#8217;Isola, diretta da Nuria Cabrera, affinch\u00e9 i beneficiari inizino a lavorare nel Cabildo, nelle istituzioni, in altri enti e aziende il 15 luglio. &#8220;Questa \u00e8 un&#8217;opportunit\u00e0 per le aziende di attrarre talenti dall&#8217;isola. Nelle precedenti edizioni, molte aziende hanno trattenuto gli studenti dopo aver svolto gli stage per un mese e mezzo&#8221;. Hern\u00e1ndez ha anche ringraziato l&#8217;\u00e9quipe di Educazione e Giovent\u00f9 per il lavoro coordinato con le altre aree del Cabildo in cui gli studenti saranno inseriti.    <\/p>\n<p>Alla cerimonia di benvenuto erano presenti anche i consiglieri del gruppo governativo Nuria Cabrera, V\u00edctor Alonso, Carlos Rodr\u00edguez e Nereida Calero, oltre al consigliere di opposizione e portavoce del PP, Claudio Guti\u00e9rrez.<\/p>\n<\/div>\n","protected":false},"excerpt":{"rendered":"<p>9 luglio 2025 Il Cabildo de Fuerteventura ha dato il benvenuto oggi, mercoled\u00ec 9 luglio, ai 110 studenti che trascorreranno un mese e mezzo di stage estivi presso la Corporazione [&hellip;]<\/p>\n","protected":false},"author":1,"featured_media":7056,"comment_status":"open","ping_status":"open","sticky":false,"template":"","format":"standard","meta":{"inline_featured_image":false,"jnews-multi-image_gallery":[],"jnews_single_post":[],"jnews_primary_category":[],"jnews_social_meta":[],"jnews_override_counter":[],"jnews_post_split":[],"footnotes":""},"categories":[289],"tags":[309,223],"class_list":["post-7061","post","type-post","status-publish","format-standard","has-post-thumbnail","hentry","category-cabildo-it","tag-educacion-it","tag-fuerteventura-it"],"jetpack_featured_media_url":"https:\/\/informacionlocal.es\/wp-content\/uploads\/2025\/07\/eeee-4.jpeg","_links":{"self":[{"href":"https:\/\/informacionlocal.es\/it\/wp-json\/wp\/v2\/posts\/7061","targetHints":{"allow":["GET"]}}],"collection":[{"href":"https:\/\/informacionlocal.es\/it\/wp-json\/wp\/v2\/posts"}],"about":[{"href":"https:\/\/informacionlocal.es\/it\/wp-json\/wp\/v2\/types\/post"}],"author":[{"embeddable":true,"href":"https:\/\/informacionlocal.es\/it\/wp-json\/wp\/v2\/users\/1"}],"replies":[{"embeddable":true,"href":"https:\/\/informacionlocal.es\/it\/wp-json\/wp\/v2\/comments?post=7061"}],"version-history":[{"count":0,"href":"https:\/\/informacionlocal.es\/it\/wp-json\/wp\/v2\/posts\/7061\/revisions"}],"wp:featuredmedia":[{"embeddable":true,"href":"https:\/\/informacionlocal.es\/it\/wp-json\/wp\/v2\/media\/7056"}],"wp:attachment":[{"href":"https:\/\/informacionlocal.es\/it\/wp-json\/wp\/v2\/media?parent=7061"}],"wp:term":[{"taxonomy":"category","embeddable":true,"href":"https:\/\/informacionlocal.es\/it\/wp-json\/wp\/v2\/categories?post=7061"},{"taxonomy":"post_tag","embeddable":true,"href":"https:\/\/informacionlocal.es\/it\/wp-json\/wp\/v2\/tags?post=7061"}],"curies":[{"name":"wp","href":"https:\/\/api.w.org\/{rel}","templated":true}]}}