{"id":7037,"date":"2025-07-09T13:00:28","date_gmt":"2025-07-09T12:00:28","guid":{"rendered":"https:\/\/informacionlocal.es\/fuerteventura-bella-per-natura-condiziona-le-gole-nel-comune-di-betancuria\/"},"modified":"2025-07-09T13:00:28","modified_gmt":"2025-07-09T12:00:28","slug":"fuerteventura-bella-per-natura-condiziona-le-gole-nel-comune-di-betancuria","status":"publish","type":"post","link":"https:\/\/informacionlocal.es\/it\/fuerteventura-bella-per-natura-condiziona-le-gole-nel-comune-di-betancuria\/","title":{"rendered":"Fuerteventura, bella per natura&#8217; condiziona le gole nel comune di Betancuria"},"content":{"rendered":"<div class=\"entry-content\"><strong>9 luglio 2025<\/strong><\/p>\n<p>Il Cabildo di Fuerteventura sta effettuando lavori di condizionamento in tutti i burroni del comune di Betancuria. Queste azioni fanno parte di &#8220;Fuerteventura, bella per natura&#8221;, un programma che comprende azioni in tutta l&#8217;isola per la conservazione e il mantenimento degli ambienti naturali e di tutti quegli elementi che rendono l&#8217;isola un luogo unico. <\/p>\n<p>I lavori si svolgeranno nell&#8217;arco di sei mesi e riguarderanno 28 tratti di burroni del comune, &#8220;migliorando le condizioni di sicurezza e di drenaggio dei burroni, oltre ad abbellirli&#8221;, ha dichiarato la presidente del Cabildo, Lola Garc\u00eda, durante una visita ai lavori, accompagnata dall&#8217;assessore all&#8217;Ambiente, Carlos Rodr\u00edguez, e dall&#8217;assessore ai Rifiuti, Enrique P\u00e9rez.<\/p>\n<p>Fuerteventura, bella per natura&#8221; \u00e8 un potente programma portato avanti dal servizio Lavori e Macchine che appartiene all&#8217;area Infrastrutture del Cabildo di Fuerteventura, diretto da Blas Acosta.<br \/>In questo caso, le azioni nei burroni di Betancuria hanno la collaborazione dell&#8217;area Ambiente e del Consiglio Insulare delle Acque per l&#8217;accelerazione dei rapporti e la supervisione dei lavori. I rifiuti dannosi per l&#8217;ecosistema vengono ripuliti, cos\u00ec come i lavori di potatura per migliorare le condizioni dei burroni, evitando fattori di rischio come le inondazioni durante la stagione delle piogge. <\/p>\n<\/div>\n","protected":false},"excerpt":{"rendered":"<p>9 luglio 2025 Il Cabildo di Fuerteventura sta effettuando lavori di condizionamento in tutti i burroni del comune di Betancuria. Queste azioni fanno parte di &#8220;Fuerteventura, bella per natura&#8221;, un [&hellip;]<\/p>\n","protected":false},"author":1,"featured_media":7032,"comment_status":"open","ping_status":"open","sticky":false,"template":"","format":"standard","meta":{"inline_featured_image":false,"jnews-multi-image_gallery":[],"jnews_single_post":[],"jnews_primary_category":[],"jnews_social_meta":[],"jnews_override_counter":[],"jnews_post_split":[],"footnotes":""},"categories":[289],"tags":[205,223],"class_list":["post-7037","post","type-post","status-publish","format-standard","has-post-thumbnail","hentry","category-cabildo-it","tag-ambiente","tag-fuerteventura-it"],"jetpack_featured_media_url":"https:\/\/informacionlocal.es\/wp-content\/uploads\/2025\/07\/eeee-5.jpeg","_links":{"self":[{"href":"https:\/\/informacionlocal.es\/it\/wp-json\/wp\/v2\/posts\/7037","targetHints":{"allow":["GET"]}}],"collection":[{"href":"https:\/\/informacionlocal.es\/it\/wp-json\/wp\/v2\/posts"}],"about":[{"href":"https:\/\/informacionlocal.es\/it\/wp-json\/wp\/v2\/types\/post"}],"author":[{"embeddable":true,"href":"https:\/\/informacionlocal.es\/it\/wp-json\/wp\/v2\/users\/1"}],"replies":[{"embeddable":true,"href":"https:\/\/informacionlocal.es\/it\/wp-json\/wp\/v2\/comments?post=7037"}],"version-history":[{"count":0,"href":"https:\/\/informacionlocal.es\/it\/wp-json\/wp\/v2\/posts\/7037\/revisions"}],"wp:featuredmedia":[{"embeddable":true,"href":"https:\/\/informacionlocal.es\/it\/wp-json\/wp\/v2\/media\/7032"}],"wp:attachment":[{"href":"https:\/\/informacionlocal.es\/it\/wp-json\/wp\/v2\/media?parent=7037"}],"wp:term":[{"taxonomy":"category","embeddable":true,"href":"https:\/\/informacionlocal.es\/it\/wp-json\/wp\/v2\/categories?post=7037"},{"taxonomy":"post_tag","embeddable":true,"href":"https:\/\/informacionlocal.es\/it\/wp-json\/wp\/v2\/tags?post=7037"}],"curies":[{"name":"wp","href":"https:\/\/api.w.org\/{rel}","templated":true}]}}