{"id":7013,"date":"2025-07-08T15:59:04","date_gmt":"2025-07-08T14:59:04","guid":{"rendered":"https:\/\/informacionlocal.es\/il-centro-insular-de-juventud-attiva-il-suo-programma-estivo-per-i-giovani-cij-a-la-fresca\/"},"modified":"2025-07-08T15:59:04","modified_gmt":"2025-07-08T14:59:04","slug":"il-centro-insular-de-juventud-attiva-il-suo-programma-estivo-per-i-giovani-cij-a-la-fresca","status":"publish","type":"post","link":"https:\/\/informacionlocal.es\/it\/il-centro-insular-de-juventud-attiva-il-suo-programma-estivo-per-i-giovani-cij-a-la-fresca\/","title":{"rendered":"Il Centro Insular de Juventud attiva il suo programma estivo per i giovani: &#8220;CiJ a la Fresca&#8221;."},"content":{"rendered":"<div class=\"entry-content\"><strong>8 luglio 2025<\/strong><\/p>\n<p>Il Cabildo de Fuerteventura, attraverso il Dipartimento della Giovent\u00f9 e il Centro Insular de Juventud, lancia il programma estivo &#8220;CiJ a la Fresca&#8221;. Una proposta varia, creativa e gratuita, &#8220;rivolta ai giovani dell&#8217;isola che vogliono esprimersi, scoprire nuovi interessi e vivere l&#8217;estate in modo attivo e partecipativo&#8221;, spiega l&#8217;assessore alla zona, Adargoma Hern\u00e1ndez. <\/p>\n<p>Durante i mesi di luglio e agosto, il Centro Insular de Juventud diventa un punto d&#8217;incontro per l&#8217;arte, il movimento, la creazione e la musica giovanile. Tra le attivit\u00e0 previste ci sono laboratori di danza urbana, musica, pittura su tessuto, fotografia, K-Pop, orientamento e consulenza, un corso di creazione di podcast e un grande concerto giovanile per chiudere in bellezza l&#8217;estate. Per le attivit\u00e0 non \u00e8 richiesta alcuna esperienza precedente, ma solo la voglia di condividere, imparare e divertirsi.  <\/p>\n<p>Tutte le attivit\u00e0 si svolgeranno presso il Centro Insular de Juventud, con una capienza limitata, per cui \u00e8 necessario prenotare un posto attraverso il seguente modulo: https:\/\/bit.ly\/veranocij2025<\/p>\n<p>Allo stesso modo, il Centro Insular de Juventud informa che sar\u00e0 aperto tutta l&#8217;estate dalle 10.00 alle 13.00 e dalle 17.00 alle 21.00 dal luned\u00ec al venerd\u00ec e il sabato dalle 10.00 alle 13.00, con tutti i servizi e gli spazi a disposizione, la sala giochi e giochi da tavolo, lo studio creativo, ecc.<\/p>\n<p>Per ulteriori informazioni sul programma estivo o altre domande, \u00e8 possibile contattare il CiJ per telefono al numero 928 862 018\/19, per e-mail all&#8217;indirizzo cijfuerteventura@gmail.com o recandosi direttamente al centro.<\/p>\n<\/div>\n","protected":false},"excerpt":{"rendered":"<p>8 luglio 2025 Il Cabildo de Fuerteventura, attraverso il Dipartimento della Giovent\u00f9 e il Centro Insular de Juventud, lancia il programma estivo &#8220;CiJ a la Fresca&#8221;. Una proposta varia, creativa [&hellip;]<\/p>\n","protected":false},"author":1,"featured_media":7008,"comment_status":"open","ping_status":"open","sticky":false,"template":"","format":"standard","meta":{"inline_featured_image":false,"jnews-multi-image_gallery":[],"jnews_single_post":[],"jnews_primary_category":[],"jnews_social_meta":[],"jnews_override_counter":[],"jnews_post_split":[],"footnotes":""},"categories":[289],"tags":[223],"class_list":["post-7013","post","type-post","status-publish","format-standard","has-post-thumbnail","hentry","category-cabildo-it","tag-fuerteventura-it"],"jetpack_featured_media_url":"https:\/\/informacionlocal.es\/wp-content\/uploads\/2025\/07\/eee-3.jpeg","_links":{"self":[{"href":"https:\/\/informacionlocal.es\/it\/wp-json\/wp\/v2\/posts\/7013","targetHints":{"allow":["GET"]}}],"collection":[{"href":"https:\/\/informacionlocal.es\/it\/wp-json\/wp\/v2\/posts"}],"about":[{"href":"https:\/\/informacionlocal.es\/it\/wp-json\/wp\/v2\/types\/post"}],"author":[{"embeddable":true,"href":"https:\/\/informacionlocal.es\/it\/wp-json\/wp\/v2\/users\/1"}],"replies":[{"embeddable":true,"href":"https:\/\/informacionlocal.es\/it\/wp-json\/wp\/v2\/comments?post=7013"}],"version-history":[{"count":0,"href":"https:\/\/informacionlocal.es\/it\/wp-json\/wp\/v2\/posts\/7013\/revisions"}],"wp:featuredmedia":[{"embeddable":true,"href":"https:\/\/informacionlocal.es\/it\/wp-json\/wp\/v2\/media\/7008"}],"wp:attachment":[{"href":"https:\/\/informacionlocal.es\/it\/wp-json\/wp\/v2\/media?parent=7013"}],"wp:term":[{"taxonomy":"category","embeddable":true,"href":"https:\/\/informacionlocal.es\/it\/wp-json\/wp\/v2\/categories?post=7013"},{"taxonomy":"post_tag","embeddable":true,"href":"https:\/\/informacionlocal.es\/it\/wp-json\/wp\/v2\/tags?post=7013"}],"curies":[{"name":"wp","href":"https:\/\/api.w.org\/{rel}","templated":true}]}}