{"id":6999,"date":"2025-07-08T15:00:16","date_gmt":"2025-07-08T14:00:16","guid":{"rendered":"https:\/\/informacionlocal.es\/puerto-del-rosario-salda-il-debito-idrico-e-rafforza-la-gestione-del-servizio-idrico\/"},"modified":"2025-07-08T15:00:16","modified_gmt":"2025-07-08T14:00:16","slug":"puerto-del-rosario-salda-il-debito-idrico-e-rafforza-la-gestione-del-servizio-idrico","status":"publish","type":"post","link":"https:\/\/informacionlocal.es\/it\/puerto-del-rosario-salda-il-debito-idrico-e-rafforza-la-gestione-del-servizio-idrico\/","title":{"rendered":"Puerto del Rosario salda il debito idrico e rafforza la gestione del servizio idrico"},"content":{"rendered":"<div class=\"entry-content\">\n<p>Il Comune di Puerto del Rosario ha adempiuto alla sua responsabilit\u00e0 di membro del consorzio e ha saldato pi\u00f9 di cinque milioni di euro in sospeso con il Consorzio per l&#8217;approvvigionamento idrico di Fuerteventura (CAAF). Questo passo fornisce una solida base per ulteriori miglioramenti nella produzione, distribuzione e stoccaggio di acqua potabile per la popolazione. <\/p>\n<p><em>&#8220;Come Comune, ci siamo assunti le nostre responsabilit\u00e0 e abbiamo affrontato questo debito che non veniva pagato da anni. Oggi possiamo dire di essere in regola con il Consorzio, il che rafforza la fiducia reciproca e ci permette di continuare a lavorare insieme&#8221;,<\/em> spiega il sindaco di Puerto del Rosario, <strong>David de Vera<\/strong>.<\/p>\n<p>Il sindaco ha voluto sottolineare il valore del lavoro coordinato tra le istituzioni: <em>&#8220;Voglio congratularmi pubblicamente con il Ministro dell&#8217;Acqua, Adargoma Hern\u00e1ndez, e con la presidente del Cabildo di Fuerteventura, Lola Garc\u00eda, perch\u00e9 oggi il cambiamento significativo che stiamo vedendo nel miglioramento sia della produzione che della distribuzione dell&#8217;acqua \u00e8 una realt\u00e0, pur mantenendo la natura pubblica del CAAF, cosa che per noi \u00e8 essenziale&#8221;.<\/em><\/p>\n<p>Da parte sua, l&#8217;assessore all&#8217;Economia e alle Finanze, <strong>Juan Manuel Verdugo<\/strong>, sottolinea che il pagamento di questo debito \u00e8 stato fondamentale per la stabilit\u00e0 finanziaria del Comune e per la sua credibilit\u00e0 nei confronti delle altre amministrazioni: <em>&#8220;Questo pagamento riflette la nostra responsabilit\u00e0 come Comune e il nostro desiderio di mantenere i nostri conti sani. Una buona gestione economica ci permette di continuare a promuovere le opere necessarie e di garantire che ogni euro venga investito dove \u00e8 pi\u00f9 necessario&#8221;.<\/em><\/p>\n<p>Grazie a questa responsabilit\u00e0 fiscale, il Comune sta assistendo a un vero e proprio cambiamento nel miglioramento del servizio, con azioni che vanno dall&#8217;ottimizzazione della capacit\u00e0 produttiva alla modernizzazione delle reti di distribuzione in diverse localit\u00e0 come Tef\u00eda, El Time, Tetir, El Charco e Puerto Lajas.<\/p>\n<p>Il sindaco ricorda che negli anni precedenti, durante i mesi estivi, i picchi di consumo generavano tagli di fornitura, una situazione che si \u00e8 invertita con il miglioramento della capacit\u00e0 produttiva e l&#8217;aumento della capacit\u00e0 di stoccaggio. Tuttavia, sottolinea che la strada da percorrere \u00e8 ancora lunga: <em>&#8220;Sappiamo che non possiamo abbassare la guardia. La nostra priorit\u00e0 \u00e8 continuare a rinnovare le reti di distribuzione per ridurre le perdite e garantire un servizio pi\u00f9 affidabile e di qualit\u00e0 per tutti i residenti&#8221;,<\/em> sottolinea De Vera. <\/p>\n<p>Il Comune sta lavorando in coordinamento con il CAAF per garantire che i lavori di ripavimentazione vengano eseguiti in parallelo con il rinnovo delle reti idrauliche, evitando cos\u00ec futuri guasti e ottimizzando ogni investimento.<\/p>\n<p><em>&#8220;Aggiornarci come entit\u00e0 consortile \u00e8 un impegno per la buona gestione e per i cittadini. Solo cos\u00ec potremo continuare a pianificare progetti che permetteranno a Puerto del Rosario di avere un approvvigionamento idrico dignitoso e sostenibile, in grado di soddisfare le esigenze di una capitale in costante crescita&#8221;,<\/em> conclude De Vera.<\/p>\n<\/div>\n","protected":false},"excerpt":{"rendered":"<p>Il Comune di Puerto del Rosario ha adempiuto alla sua responsabilit\u00e0 di membro del consorzio e ha saldato pi\u00f9 di cinque milioni di euro in sospeso con il Consorzio per [&hellip;]<\/p>\n","protected":false},"author":1,"featured_media":6996,"comment_status":"open","ping_status":"open","sticky":false,"template":"","format":"standard","meta":{"inline_featured_image":false,"jnews-multi-image_gallery":[],"jnews_single_post":[],"jnews_primary_category":[],"jnews_social_meta":[],"jnews_override_counter":[],"jnews_post_split":[],"footnotes":""},"categories":[295],"tags":[223],"class_list":["post-6999","post","type-post","status-publish","format-standard","has-post-thumbnail","hentry","category-puerto-del-rosario-it","tag-fuerteventura-it"],"jetpack_featured_media_url":"https:\/\/informacionlocal.es\/wp-content\/uploads\/2025\/07\/deuda-22-hidrica.jpg","_links":{"self":[{"href":"https:\/\/informacionlocal.es\/it\/wp-json\/wp\/v2\/posts\/6999","targetHints":{"allow":["GET"]}}],"collection":[{"href":"https:\/\/informacionlocal.es\/it\/wp-json\/wp\/v2\/posts"}],"about":[{"href":"https:\/\/informacionlocal.es\/it\/wp-json\/wp\/v2\/types\/post"}],"author":[{"embeddable":true,"href":"https:\/\/informacionlocal.es\/it\/wp-json\/wp\/v2\/users\/1"}],"replies":[{"embeddable":true,"href":"https:\/\/informacionlocal.es\/it\/wp-json\/wp\/v2\/comments?post=6999"}],"version-history":[{"count":0,"href":"https:\/\/informacionlocal.es\/it\/wp-json\/wp\/v2\/posts\/6999\/revisions"}],"wp:featuredmedia":[{"embeddable":true,"href":"https:\/\/informacionlocal.es\/it\/wp-json\/wp\/v2\/media\/6996"}],"wp:attachment":[{"href":"https:\/\/informacionlocal.es\/it\/wp-json\/wp\/v2\/media?parent=6999"}],"wp:term":[{"taxonomy":"category","embeddable":true,"href":"https:\/\/informacionlocal.es\/it\/wp-json\/wp\/v2\/categories?post=6999"},{"taxonomy":"post_tag","embeddable":true,"href":"https:\/\/informacionlocal.es\/it\/wp-json\/wp\/v2\/tags?post=6999"}],"curies":[{"name":"wp","href":"https:\/\/api.w.org\/{rel}","templated":true}]}}