{"id":6987,"date":"2025-07-08T04:00:40","date_gmt":"2025-07-08T03:00:40","guid":{"rendered":"https:\/\/informacionlocal.es\/pulizia-dopo-lesperienza-fem\/"},"modified":"2025-07-08T04:00:40","modified_gmt":"2025-07-08T03:00:40","slug":"pulizia-dopo-lesperienza-fem","status":"publish","type":"post","link":"https:\/\/informacionlocal.es\/it\/pulizia-dopo-lesperienza-fem\/","title":{"rendered":"Pulizia dopo l&#8217;esperienza FEM"},"content":{"rendered":"<div class=\"entry-content\"><strong>7 luglio 2025<\/strong><\/p>\n<p><strong>Gli equipaggi di &#8220;Fuerteventura, bella per natura&#8221; stanno effettuando un&#8217;intensa incursione dopo la fine del festival per riportare l&#8217;area intorno a La Concha al suo stato naturale.<\/strong><\/p>\n<p>El Cotillo ha celebrato questo fine settimana il festival Fuerteventura En M\u00fasica (FEM 2025), uno degli eventi pi\u00f9 attesi dell&#8217;isola e un&#8217;esperienza culturale che attira migliaia di persone da altre isole. Oggi, luned\u00ec, gli equipaggi di &#8220;Fuerteventura, bella per natura&#8221; stanno lavorando duramente per riportare i dintorni della spiaggia di La Concha al suo stato naturale. <\/p>\n<p>Il Cabildo di Fuerteventura, attraverso il suo Servizio Lavori e Macchine, sta collaborando con altri servizi del Cabildo e del Comune di La Oliva per il recupero della normalit\u00e0 a El Cotillo.<\/p>\n<p>Il lavoro di pulizia, eseguito a mano, ha portato alla rimozione di 4 metri cubi di rifiuti. Gli equipaggi hanno svolto il lavoro con particolare attenzione ai dettagli per evitare qualsiasi impatto del festival su questo ambiente naturale, cos\u00ec emblematico e caratterizzante di Fuerteventura. <\/p>\n<p>La scorsa settimana gli equipaggi avevano gi\u00e0 iniziato i preparativi per il festival con una pulizia e una preparazione approfondita dell&#8217;area intorno alla spiaggia di La Concha, dove si trova il palco principale.<\/p>\n<p>La presidente del Cabildo di Fuerteventura, Lola Garc\u00eda, ha sottolineato il coordinamento tra le diverse aree del Cabildo e del Municipio per mantenere l&#8217;ambiente in perfette condizioni, &#8220;perch\u00e9 abbiamo chiaro che l&#8217;uso e il godimento dello spazio devono essere sempre in costante equilibrio con il rispetto dell&#8217;ambiente e senza lasciare traccia&#8221;.<\/p>\n<p>L&#8217;assessore ai Lavori e alle Macchine, Blas Acosta, ha poi sottolineato &#8220;l&#8217;importanza di prendersi cura del nostro ambiente naturale e dei nostri paesaggi emblematici, rendendo allo stesso tempo la loro fruizione compatibile con attivit\u00e0 arricchenti come la FEM&#8221;.<\/p>\n<p>Migliaia di persone hanno partecipato al festival Fuerteventura En M\u00fasica (FEM 2025), uno degli eventi pi\u00f9 attesi dell&#8217;isola organizzato dal Consiglio dell&#8217;Isola di Fuerteventura, attraverso il Dipartimento di Cultura, con la collaborazione, e in questa edizione anche il cofinanziamento, del Municipio di La Oliva, nonch\u00e9 la cooperazione delle diverse aree della Corporazione dell&#8217;Isola. Durante il fine settimana, il sito del festival e i dintorni sono stati lasciati in perfette condizioni, grazie al lavoro svolto grazie al coordinamento tra il Cabildo di Fuerteventura e il Comune di La Oliva dai dipartimenti di Pulizia e Ambiente. <\/p>\n<\/div>\n","protected":false},"excerpt":{"rendered":"<p>7 luglio 2025 Gli equipaggi di &#8220;Fuerteventura, bella per natura&#8221; stanno effettuando un&#8217;intensa incursione dopo la fine del festival per riportare l&#8217;area intorno a La Concha al suo stato naturale. [&hellip;]<\/p>\n","protected":false},"author":1,"featured_media":6984,"comment_status":"open","ping_status":"open","sticky":false,"template":"","format":"standard","meta":{"inline_featured_image":false,"jnews-multi-image_gallery":[],"jnews_single_post":[],"jnews_primary_category":[],"jnews_social_meta":[],"jnews_override_counter":[],"jnews_post_split":[],"footnotes":""},"categories":[289],"tags":[205,308,223],"class_list":["post-6987","post","type-post","status-publish","format-standard","has-post-thumbnail","hentry","category-cabildo-it","tag-ambiente","tag-eventos-it","tag-fuerteventura-it"],"jetpack_featured_media_url":"https:\/\/informacionlocal.es\/wp-content\/uploads\/2025\/07\/ddd-1.jpeg","_links":{"self":[{"href":"https:\/\/informacionlocal.es\/it\/wp-json\/wp\/v2\/posts\/6987","targetHints":{"allow":["GET"]}}],"collection":[{"href":"https:\/\/informacionlocal.es\/it\/wp-json\/wp\/v2\/posts"}],"about":[{"href":"https:\/\/informacionlocal.es\/it\/wp-json\/wp\/v2\/types\/post"}],"author":[{"embeddable":true,"href":"https:\/\/informacionlocal.es\/it\/wp-json\/wp\/v2\/users\/1"}],"replies":[{"embeddable":true,"href":"https:\/\/informacionlocal.es\/it\/wp-json\/wp\/v2\/comments?post=6987"}],"version-history":[{"count":0,"href":"https:\/\/informacionlocal.es\/it\/wp-json\/wp\/v2\/posts\/6987\/revisions"}],"wp:featuredmedia":[{"embeddable":true,"href":"https:\/\/informacionlocal.es\/it\/wp-json\/wp\/v2\/media\/6984"}],"wp:attachment":[{"href":"https:\/\/informacionlocal.es\/it\/wp-json\/wp\/v2\/media?parent=6987"}],"wp:term":[{"taxonomy":"category","embeddable":true,"href":"https:\/\/informacionlocal.es\/it\/wp-json\/wp\/v2\/categories?post=6987"},{"taxonomy":"post_tag","embeddable":true,"href":"https:\/\/informacionlocal.es\/it\/wp-json\/wp\/v2\/tags?post=6987"}],"curies":[{"name":"wp","href":"https:\/\/api.w.org\/{rel}","templated":true}]}}