{"id":6977,"date":"2025-07-08T02:59:03","date_gmt":"2025-07-08T01:59:03","guid":{"rendered":"https:\/\/informacionlocal.es\/il-centro-canario-per-linterpretazione-della-memoria-storica-lgtbiq-e-sempre-piu-vicino-a-diventare-realta\/"},"modified":"2025-07-08T02:59:03","modified_gmt":"2025-07-08T01:59:03","slug":"il-centro-canario-per-linterpretazione-della-memoria-storica-lgtbiq-e-sempre-piu-vicino-a-diventare-realta","status":"publish","type":"post","link":"https:\/\/informacionlocal.es\/it\/il-centro-canario-per-linterpretazione-della-memoria-storica-lgtbiq-e-sempre-piu-vicino-a-diventare-realta\/","title":{"rendered":"Il Centro Canario per l&#8217;Interpretazione della Memoria Storica LGTBIQ+ \u00e8 sempre pi\u00f9 vicino a diventare realt\u00e0."},"content":{"rendered":"<div class=\"entry-content\"><strong>7 luglio 2025<\/strong><\/p>\n<p><em><strong>Il Cabildo di Fuerteventura ha formalizzato oggi il protocollo con cui \u00e8 stato ottenuto il sostegno economico per convertire la Tef\u00eda in uno spazio per la memoria delle vittime.<\/strong><\/em><\/p>\n<p>Le strutture dell&#8217;Ostello della Giovent\u00f9 di Tef\u00eda si stanno avvicinando sempre di pi\u00f9 a diventare uno spazio per il ricordo delle vittime LGTBIQ+, grazie al progetto promosso da ALTIHAY Fuerteventura, insieme al Cabildo, che permetter\u00e0 di allestire in questo spazio il futuro Centro Canario per l&#8217;Interpretazione della Memoria Storica LGTBIQ+.<\/p>\n<p>Con questa iniziativa, ALTIHAY Fuerteventura e il Cabildo di Fuerteventura, attraverso il Dipartimento di Azione Sociale, Diversit\u00e0 e LGTBIQ+, intendono trasformare Fuerteventura in un punto di riferimento per la memoria storica, con il supporto di altre istituzioni.<\/p>\n<p>Oggi la presidente del Cabildo, Lola Garc\u00eda, ha firmato il protocollo per il sostegno finanziario di 100.000 euro per avviare i primi lavori del progetto, grazie a un accordo firmato con il Ministro della Politica Territoriale e della Memoria Democratica, \u00c1ngel V\u00edctor Torres.<\/p>\n<p>Lola Garc\u00eda ha sottolineato che &#8220;ci stiamo avvicinando sempre di pi\u00f9 alla realizzazione del sogno per il quale ALTIHAY Fuerteventura lavora da pi\u00f9 di vent&#8217;anni, quello di ricordare le vittime che sono state perseguitate per lungo tempo, soprattutto quelle che sono state imprigionate nell&#8217;ex Colonia Agricola Carceraria di Tef\u00eda&#8221;.<\/p>\n<p>Garc\u00eda ha ricordato che, nel dicembre 2024, un primo passo \u00e8 gi\u00e0 stato fatto con l&#8217;apertura in queste strutture dello spazio &#8220;Tef\u00eda Lugar de Memoria Democr\u00e1tica LGTBIQ+&#8221;, che contiene una mostra permanente grazie al coordinamento tra ALTIHAY Fuerteventura e il Dipartimento della Giovent\u00f9 del Cabildo. &#8220;Iniziamo cos\u00ec la trasformazione di questo luogo, un tempo simbolo di oppressione, in un luogo di rivendicazione&#8221;. &#8220;Fuerteventura non far\u00e0 un solo passo indietro nella difesa dei diritti delle persone&#8221;.  <\/p>\n<p>Da parte sua, \u00c1ngel V\u00edctor Torres ha ringraziato il Cabildo per questo ricevimento, &#8220;in un giorno importante per Fuerteventura e per la sua memoria storica&#8221;. &#8220;Oggi firmiamo questo accordo per il finanziamento della prima opera museale e, inoltre, oggi \u00e8 stato pubblicato sulla Gazzetta Ufficiale dello Stato l&#8217;avvio del procedimento per dichiarare la Tef\u00eda luogo di memoria democratica, per la dignit\u00e0 del popolo&#8221;. <\/p>\n<p>A nome di ALTIHAY Fuerteventura, la sua presidente Carla Soto ha ringraziato per il sostegno ricevuto. &#8220;Oggi \u00e8 un giorno molto speciale, perch\u00e9 ricordiamo coloro che non ci sono pi\u00f9, ma che ci riempiono di storia. Dedichiamo questo risultato a tutte le persone che hanno lottato affinch\u00e9 questo progetto diventasse realt\u00e0, come parte della nostra identit\u00e0: una memoria che ci fa male ma ci spinge anche a continuare a lottare per i nostri diritti per costruire una Fuerteventura pi\u00f9 giusta, pi\u00f9 libera e pi\u00f9 orgogliosa&#8221;. <\/p>\n<p>Il vicepresidente del Cabildo di Fuerteventura, Blas Acosta, ha dichiarato che &#8220;questo \u00e8 un giorno storico per Fuerteventura, poich\u00e9 un luogo che \u00e8 stato usato per la repressione sar\u00e0 convertito in uno spazio per rivendicare la libert\u00e0&#8221;. Acosta ha ringraziato Altihay &#8220;per la sua perseveranza&#8221; e il ministro \u00c1ngel V\u00edctor Torres &#8220;per il suo impegno per la verit\u00e0&#8221;. <\/p>\n<p>Il sindaco di Puerto del Rosario, David de Vera, si \u00e8 congratulato con l&#8217;azione del Cabido, di Altihay e del Ministero per aver dato valore a questo luogo di memoria storica &#8220;affinch\u00e9 non si faccia un passo indietro di fronte alle sfide future e ai diritti che sono stati raggiunti con tutto questo sforzo&#8221;. Ha inoltre espresso la volont\u00e0 di lavorare insieme su questo centro. <\/p>\n<p>All&#8217;evento hanno partecipato anche l&#8217;assessore all&#8217;Azione Sociale, Diversit\u00e0 e LGTBIQ+, V\u00edctor Alonso, e l&#8217;assessore alla Giovent\u00f9, Adargoma Hern\u00e1ndez, che sperano che questo spazio serva da attrazione per tutte quelle persone che vogliono conoscere la storia, mantenendo vivo il movimento LGTBIQ+ a Fuerteventura e nelle Isole Canarie. Erano presenti anche la subdelegata del Governo nella provincia di Las Palmas, Teresa Mayans, la direttrice dell&#8217;isola dell&#8217;Amministrazione Generale dello Stato, Mar\u00eda Jes\u00fas de la Cruz, e altri consiglieri e assessori rispettivamente del Cabildo e del Consiglio Comunale, oltre al presidente onorario di Altihay, Le\u00f3n Mart\u00edn. <\/p>\n<p>La cosiddetta Colonia Agr\u00edcola Penitenciaria si trovava a Tef\u00eda, nel comune di Puerto del Rosario, e oper\u00f2 per undici anni. Dal 1954, la cosiddetta Ley de Vagos y Maleantes inizi\u00f2 a includere gli omosessuali. Fu la prima colonia di questo tipo a operare in Spagna, nei locali del primo aeroporto di Fuerteventura, fino alla sua chiusura nel 1966.  <\/p>\n<\/div>\n","protected":false},"excerpt":{"rendered":"<p>7 luglio 2025 Il Cabildo di Fuerteventura ha formalizzato oggi il protocollo con cui \u00e8 stato ottenuto il sostegno economico per convertire la Tef\u00eda in uno spazio per la memoria [&hellip;]<\/p>\n","protected":false},"author":1,"featured_media":6972,"comment_status":"open","ping_status":"open","sticky":false,"template":"","format":"standard","meta":{"inline_featured_image":false,"jnews-multi-image_gallery":[],"jnews_single_post":[],"jnews_primary_category":[],"jnews_social_meta":[],"jnews_override_counter":[],"jnews_post_split":[],"footnotes":""},"categories":[289],"tags":[223],"class_list":["post-6977","post","type-post","status-publish","format-standard","has-post-thumbnail","hentry","category-cabildo-it","tag-fuerteventura-it"],"jetpack_featured_media_url":"https:\/\/informacionlocal.es\/wp-content\/uploads\/2025\/07\/sdddd.jpeg","_links":{"self":[{"href":"https:\/\/informacionlocal.es\/it\/wp-json\/wp\/v2\/posts\/6977","targetHints":{"allow":["GET"]}}],"collection":[{"href":"https:\/\/informacionlocal.es\/it\/wp-json\/wp\/v2\/posts"}],"about":[{"href":"https:\/\/informacionlocal.es\/it\/wp-json\/wp\/v2\/types\/post"}],"author":[{"embeddable":true,"href":"https:\/\/informacionlocal.es\/it\/wp-json\/wp\/v2\/users\/1"}],"replies":[{"embeddable":true,"href":"https:\/\/informacionlocal.es\/it\/wp-json\/wp\/v2\/comments?post=6977"}],"version-history":[{"count":0,"href":"https:\/\/informacionlocal.es\/it\/wp-json\/wp\/v2\/posts\/6977\/revisions"}],"wp:featuredmedia":[{"embeddable":true,"href":"https:\/\/informacionlocal.es\/it\/wp-json\/wp\/v2\/media\/6972"}],"wp:attachment":[{"href":"https:\/\/informacionlocal.es\/it\/wp-json\/wp\/v2\/media?parent=6977"}],"wp:term":[{"taxonomy":"category","embeddable":true,"href":"https:\/\/informacionlocal.es\/it\/wp-json\/wp\/v2\/categories?post=6977"},{"taxonomy":"post_tag","embeddable":true,"href":"https:\/\/informacionlocal.es\/it\/wp-json\/wp\/v2\/tags?post=6977"}],"curies":[{"name":"wp","href":"https:\/\/api.w.org\/{rel}","templated":true}]}}