{"id":6951,"date":"2025-07-08T00:58:36","date_gmt":"2025-07-07T23:58:36","guid":{"rendered":"https:\/\/informacionlocal.es\/lola-garcia-chiede-al-ministro-angel-victor-torres-un-sostegno-per-garantire-che-i-giovani-canari-siano-trattati-in-modo-paritario\/"},"modified":"2025-07-08T00:58:36","modified_gmt":"2025-07-07T23:58:36","slug":"lola-garcia-chiede-al-ministro-angel-victor-torres-un-sostegno-per-garantire-che-i-giovani-canari-siano-trattati-in-modo-paritario","status":"publish","type":"post","link":"https:\/\/informacionlocal.es\/it\/lola-garcia-chiede-al-ministro-angel-victor-torres-un-sostegno-per-garantire-che-i-giovani-canari-siano-trattati-in-modo-paritario\/","title":{"rendered":"Lola Garc\u00eda chiede al ministro \u00c1ngel V\u00edctor Torres un sostegno per garantire che i giovani canari siano trattati in modo paritario"},"content":{"rendered":"<div class=\"entry-content\"><strong>7 luglio 2025<\/strong><\/p>\n<p><em><strong>Durante l&#8217;incontro, il presidente e il ministro hanno concordato sulla necessit\u00e0 di intercedere affinch\u00e9 i giovani delle Isole Canarie siano trattati in modo equo su tutto il territorio nell&#8217;ambito del programma &#8220;Verano Joven&#8221;.<\/strong><\/em><\/p>\n<p>La presidente del Cabildo di Fuerteventura, Lola Garc\u00eda, ha approfittato dell&#8217;incontro con il Ministro della Politica Territoriale e della Memoria Storica, \u00c1ngel V\u00edctor Torres, per informarlo sulle questioni prioritarie di Fuerteventura che rientrano nelle competenze dello Stato.<\/p>\n<p>A questo proposito, Lola Garc\u00eda ha espresso il disaccordo della Corporazione insulare nei confronti del programma &#8220;Verano Joven&#8221;, un programma del Ministero dei Trasporti e della Mobilit\u00e0 che sovvenziona la mobilit\u00e0 su treni e autobus a media e lunga percorrenza in modo che i giovani possano viaggiare in Europa, praticamente gratis. Purtroppo, questo programma rappresenta un trattamento discriminatorio per i giovani delle Isole Canarie &#8220;poich\u00e9 le Isole non dispongono di questo tipo di trasporto&#8221;, come ha dichiarato oggi Lola Garc\u00eda al Ministro delle Politiche Territoriali e della Memoria Storica, \u00c1ngel V\u00edctor Torres. <\/p>\n<p>Per questo motivo, Garc\u00eda ha chiesto a Torres il suo appoggio in questa vicenda: &#8220;Sono sicuro che il ministro agir\u00e0 con sensibilit\u00e0 nei confronti della sua comunit\u00e0 autonoma e interceder\u00e0 presso il Ministero dei Trasporti e della Mobilit\u00e0 sostenibile affinch\u00e9 i nostri giovani possano beneficiare di questo programma in condizioni di parit\u00e0&#8221;. &#8220;Che i programmi rivolti ai giovani siano adattati alla realt\u00e0 territoriale dell&#8217;Arcipelago affinch\u00e9, ancora una volta, non siamo trattati in modo discriminatorio&#8221;. Da parte sua, \u00c1ngel V\u00edctor Torres si \u00e8 detto d&#8217;accordo con Lola Garc\u00eda su questo tema e ha garantito la sua disponibilit\u00e0 e il suo impegno a intercedere presso il Ministero corrispondente.  <\/p>\n<p>Garc\u00eda ha anche colto l&#8217;occasione per sollevare altre questioni che preoccupano il Ministro, come la necessit\u00e0 di aumentare il numero di personale di sicurezza sull&#8217;isola. Garc\u00eda ha spiegato che &#8220;non abbiamo ricevuto alcuna soluzione dalle autorit\u00e0 competenti dello Stato, in una situazione che ci preoccupa, soprattutto tenendo conto dell&#8217;aumento della popolazione che Fuerteventura ha vissuto negli ultimi anni&#8221;. <\/p>\n<p>Nel gennaio 2025, la presidente Lola Garc\u00eda ha inviato una lettera in cui chiedeva al delegato del governo nelle Isole Canarie, Anselmo Pestana, e al Ministro degli Interni, Fernando Grande-Marlaska, di visitare l&#8217;isola per affrontare la questione con le istituzioni e i gruppi locali. Questa richiesta \u00e8 stata riferita dal Ministero alla Direzione Generale della Guardia Civil per organizzare un incontro &#8220;di cui finora non abbiamo avuto alcuna notizia, motivo per cui abbiamo chiesto nuovamente per iscritto, lo scorso maggio, di ribadire questa richiesta&#8221;. <\/p>\n<\/div>\n","protected":false},"excerpt":{"rendered":"<p>7 luglio 2025 Durante l&#8217;incontro, il presidente e il ministro hanno concordato sulla necessit\u00e0 di intercedere affinch\u00e9 i giovani delle Isole Canarie siano trattati in modo equo su tutto il [&hellip;]<\/p>\n","protected":false},"author":1,"featured_media":6948,"comment_status":"open","ping_status":"open","sticky":false,"template":"","format":"standard","meta":{"inline_featured_image":false,"jnews-multi-image_gallery":[],"jnews_single_post":[],"jnews_primary_category":[],"jnews_social_meta":[],"jnews_override_counter":[],"jnews_post_split":[],"footnotes":""},"categories":[289],"tags":[223,355,264,204],"class_list":["post-6951","post","type-post","status-publish","format-standard","has-post-thumbnail","hentry","category-cabildo-it","tag-fuerteventura-it","tag-giovani","tag-sicurezza","tag-trasporto"],"jetpack_featured_media_url":"https:\/\/informacionlocal.es\/wp-content\/uploads\/2025\/07\/ddd-2.jpeg","_links":{"self":[{"href":"https:\/\/informacionlocal.es\/it\/wp-json\/wp\/v2\/posts\/6951","targetHints":{"allow":["GET"]}}],"collection":[{"href":"https:\/\/informacionlocal.es\/it\/wp-json\/wp\/v2\/posts"}],"about":[{"href":"https:\/\/informacionlocal.es\/it\/wp-json\/wp\/v2\/types\/post"}],"author":[{"embeddable":true,"href":"https:\/\/informacionlocal.es\/it\/wp-json\/wp\/v2\/users\/1"}],"replies":[{"embeddable":true,"href":"https:\/\/informacionlocal.es\/it\/wp-json\/wp\/v2\/comments?post=6951"}],"version-history":[{"count":0,"href":"https:\/\/informacionlocal.es\/it\/wp-json\/wp\/v2\/posts\/6951\/revisions"}],"wp:featuredmedia":[{"embeddable":true,"href":"https:\/\/informacionlocal.es\/it\/wp-json\/wp\/v2\/media\/6948"}],"wp:attachment":[{"href":"https:\/\/informacionlocal.es\/it\/wp-json\/wp\/v2\/media?parent=6951"}],"wp:term":[{"taxonomy":"category","embeddable":true,"href":"https:\/\/informacionlocal.es\/it\/wp-json\/wp\/v2\/categories?post=6951"},{"taxonomy":"post_tag","embeddable":true,"href":"https:\/\/informacionlocal.es\/it\/wp-json\/wp\/v2\/tags?post=6951"}],"curies":[{"name":"wp","href":"https:\/\/api.w.org\/{rel}","templated":true}]}}