{"id":6927,"date":"2025-07-07T23:00:16","date_gmt":"2025-07-07T22:00:16","guid":{"rendered":"https:\/\/informacionlocal.es\/gli-studenti-di-teatro-per-giovani-e-adulti-presentano-le-loro-opere-finali-nellauditorium-di-puerto-del-rosario\/"},"modified":"2025-07-07T23:00:16","modified_gmt":"2025-07-07T22:00:16","slug":"gli-studenti-di-teatro-per-giovani-e-adulti-presentano-le-loro-opere-finali-nellauditorium-di-puerto-del-rosario","status":"publish","type":"post","link":"https:\/\/informacionlocal.es\/it\/gli-studenti-di-teatro-per-giovani-e-adulti-presentano-le-loro-opere-finali-nellauditorium-di-puerto-del-rosario\/","title":{"rendered":"Gli studenti di teatro per giovani e adulti presentano le loro opere finali nell&#8217;Auditorium di Puerto del Rosario."},"content":{"rendered":"<div class=\"entry-content\">\n<p>L&#8217;Auditorio Insular de Fuerteventura ospiter\u00e0 questa settimana &#8211; l&#8217;8, il 10 e il 12 luglio &#8211; le rappresentazioni teatrali del laboratorio &#8220;T\u00e9cnicas de Interpretaci\u00f3n&#8221;, un&#8217;iniziativa promossa dalla Concejal\u00eda de Cultura del Ayuntamiento de Puerto del Rosario e diretta dall&#8217;insegnante Lolo A. Mart\u00edn, che pone fine al percorso formativo dei suoi gruppi di giovani e adulti.<\/p>\n<p>Dopo il successo dello spettacolo del gruppo dei bambini della scorsa settimana, tocca ai 38 studenti che hanno lavorato intensamente negli ultimi nove mesi salire sul palco e condividere con il pubblico il risultato di un processo ricco di scoperte, apprendimento e impegno artistico.<\/p>\n<p>Durante il corso, i partecipanti hanno esplorato diverse tecniche di recitazione: azione fisica, improvvisazione, lavoro con il testo, ascolto attivo, fiducia nel gruppo, mindfulness ed espressione emotiva. Tutta questa esperienza ha dato forma a tre opere teatrali molto diverse tra loro, che saranno rappresentate questa settimana nella capitale dell&#8217;isola: <\/p>\n<p>Marted\u00ec 8 luglio &#8211; ore 20:00 &#8220;El Viento del Sur&#8221; Adattamento de La Ruleta del Sur di Pedro Lezcano Montalvo. Un&#8217;opera teatrale scritta interamente in versi che ritrae con sensibilit\u00e0 e umorismo la vita dei lavoratori del pomodoro nelle Isole Canarie a met\u00e0 del XX secolo. Un ritratto popolare e profondamente umano, ricco di poesia, dramma e realt\u00e0 sociale.  <\/p>\n<p>Gioved\u00ec 10 luglio &#8211; ore 20:00 &#8220;La Botica de los Sue\u00f1os&#8221; Commedia satirica che scava nei sogni e nei desideri pi\u00f9 profondi degli esseri umani. Uno spettacolo che, tra risate e riflessioni, ci ricorda che tutti condividiamo lo stesso desiderio di essere felici. Questo lavoro del gruppo di adulti \u00e8 basato su una scena dell&#8217;opera Tic-Tac, dell&#8217;autore canario Claudio de la Torre, figura chiave dell&#8217;avanguardia canaria e spagnola del XX secolo, che gli conferisce un carattere simbolico e teatrale di grande ricchezza espressiva.  <\/p>\n<p>Sabato 12 luglio &#8211; ore 19:00 &#8220;La Salita de Espera&#8221; Versione libera de La Consulta, del drammaturgo canario \u00c1ngel Camacho. Una commedia fresca e serrata con protagonista il gruppo dei giovani, che affronta con ironia e agilit\u00e0 temi come le paure collettive, le bufale, le insicurezze e il giudizio sociale. Una proposta attuale che si collega al polso della nostra realt\u00e0 quotidiana.  <\/p>\n<p>Il sindaco <strong>, David de Vera, ha<\/strong> sottolineato: &#8220;l&#8217;importanza di praticare un&#8217;attivit\u00e0 come il teatro per persone di tutte le et\u00e0, dove si possono sviluppare diverse capacit\u00e0 interpretative, che senza dubbio contribuiscono allo sviluppo personale degli alunni&#8221;.<\/p>\n<p>L&#8217;Assessore alla Cultura, <strong>Juan Manuel Verdugo,<\/strong> tiene a sottolineare che &#8220;ogni anno questo laboratorio dimostra che il teatro non \u00e8 solo un&#8217;arte dello spettacolo, ma un potente strumento di crescita personale e collettiva. Vedere i gruppi di giovani e adulti impegnarsi, condividere ed emozionarsi sul palco \u00e8 uno dei migliori esempi di ci\u00f2 che la cultura pu\u00f2 generare in una comunit\u00e0&#8221;.<\/p>\n<p>Il Comune di Puerto del Rosario, attraverso l&#8217;Assessorato alla Cultura, invita il pubblico a partecipare e a godersi questi spettacoli, applaudendo non solo il risultato finale, ma anche l&#8217;intero percorso compiuto da ogni studente per raggiungere il palco. Perch\u00e9 il teatro \u00e8 ancora molto vivo a Puerto del Rosario&#8230; e questa settimana lo dimostrer\u00e0 ancora una volta. <\/p>\n<\/div>\n","protected":false},"excerpt":{"rendered":"<p>L&#8217;Auditorio Insular de Fuerteventura ospiter\u00e0 questa settimana &#8211; l&#8217;8, il 10 e il 12 luglio &#8211; le rappresentazioni teatrali del laboratorio &#8220;T\u00e9cnicas de Interpretaci\u00f3n&#8221;, un&#8217;iniziativa promossa dalla Concejal\u00eda de Cultura [&hellip;]<\/p>\n","protected":false},"author":1,"featured_media":6924,"comment_status":"open","ping_status":"open","sticky":false,"template":"","format":"standard","meta":{"inline_featured_image":false,"jnews-multi-image_gallery":[],"jnews_single_post":[],"jnews_primary_category":[],"jnews_social_meta":[],"jnews_override_counter":[],"jnews_post_split":[],"footnotes":""},"categories":[295],"tags":[223],"class_list":["post-6927","post","type-post","status-publish","format-standard","has-post-thumbnail","hentry","category-puerto-del-rosario-it","tag-fuerteventura-it"],"jetpack_featured_media_url":"https:\/\/informacionlocal.es\/wp-content\/uploads\/2025\/07\/teatro-titu-infa-4-ninos-scaled-1.jpg","_links":{"self":[{"href":"https:\/\/informacionlocal.es\/it\/wp-json\/wp\/v2\/posts\/6927","targetHints":{"allow":["GET"]}}],"collection":[{"href":"https:\/\/informacionlocal.es\/it\/wp-json\/wp\/v2\/posts"}],"about":[{"href":"https:\/\/informacionlocal.es\/it\/wp-json\/wp\/v2\/types\/post"}],"author":[{"embeddable":true,"href":"https:\/\/informacionlocal.es\/it\/wp-json\/wp\/v2\/users\/1"}],"replies":[{"embeddable":true,"href":"https:\/\/informacionlocal.es\/it\/wp-json\/wp\/v2\/comments?post=6927"}],"version-history":[{"count":0,"href":"https:\/\/informacionlocal.es\/it\/wp-json\/wp\/v2\/posts\/6927\/revisions"}],"wp:featuredmedia":[{"embeddable":true,"href":"https:\/\/informacionlocal.es\/it\/wp-json\/wp\/v2\/media\/6924"}],"wp:attachment":[{"href":"https:\/\/informacionlocal.es\/it\/wp-json\/wp\/v2\/media?parent=6927"}],"wp:term":[{"taxonomy":"category","embeddable":true,"href":"https:\/\/informacionlocal.es\/it\/wp-json\/wp\/v2\/categories?post=6927"},{"taxonomy":"post_tag","embeddable":true,"href":"https:\/\/informacionlocal.es\/it\/wp-json\/wp\/v2\/tags?post=6927"}],"curies":[{"name":"wp","href":"https:\/\/api.w.org\/{rel}","templated":true}]}}