{"id":6904,"date":"2025-07-07T21:01:58","date_gmt":"2025-07-07T20:01:58","guid":{"rendered":"https:\/\/informacionlocal.es\/campo-estivo-a-puerto-del-rosario-per-bambini-e-adolescenti-con-diversita-funzionale\/"},"modified":"2025-07-07T21:01:58","modified_gmt":"2025-07-07T20:01:58","slug":"campo-estivo-a-puerto-del-rosario-per-bambini-e-adolescenti-con-diversita-funzionale","status":"publish","type":"post","link":"https:\/\/informacionlocal.es\/it\/campo-estivo-a-puerto-del-rosario-per-bambini-e-adolescenti-con-diversita-funzionale\/","title":{"rendered":"Campo estivo a Puerto del Rosario per bambini e adolescenti con diversit\u00e0 funzionale"},"content":{"rendered":"<div class=\"entry-content\">\n<p><strong>Un campo estivo <\/strong>per <strong>bambini e adolescenti con diversit\u00e0 funzionale di et\u00e0 compresa tra i 6 e i 15 anni<\/strong> <strong>inizier\u00e0 <\/strong>il <strong>14 luglio <\/strong>e durer\u00e0 fino al <strong>14 agosto<\/strong> presso il <strong>Centro di educazione speciale di Puerto del Rosario<\/strong>.<\/p>\n<p>Questo progetto \u00e8 stato creato con l&#8217;obiettivo di offrire uno spazio sicuro, divertente e arricchente durante il periodo estivo, promuovendo la <strong>convivenza, l&#8217;autonomia, la creativit\u00e0 e la partecipazione attiva<\/strong> dei bambini in attivit\u00e0 adatte alle loro capacit\u00e0 e interessi.<\/p>\n<p>Il campo avr\u00e0 un&#8217;\u00e9quipe multidisciplinare di professionisti specializzati nell&#8217;attenzione alla diversit\u00e0, oltre a monitori del tempo libero e del tempo libero formati all&#8217;inclusione e all&#8217;accessibilit\u00e0.<\/p>\n<p>Durante il programma di un mese, i bambini e gli adolescenti potranno godere di un&#8217;ampia gamma di attivit\u00e0 ricreative, sportive, artistiche e sensoriali, sempre in un ambiente di rispetto e accompagnamento personalizzato.<\/p>\n<p>Questo progetto \u00e8 un&#8217;iniziativa promossa dalla CAI (Citt\u00e0 amica dei bambini di Puerto del Rosario) con la collaborazione dei Servizi Sociali e Sanitari di Danae, che rafforza il suo impegno per l&#8217;inclusione sociale e il benessere dei bambini. Consente di realizzare l&#8217;azione n\u00ba6 del II Piano Comunale per l&#8217;Infanzia e l&#8217;Adolescenza (2023-2027) https:\/\/www.puertodelrosario.org\/wp-content\/uploads\/II-Plan-Municipal-de-la-Infancia-y-la-Adolescencia-de-Puerto-del-Rosario_DEF_3.pdf. <\/p>\n<p><strong>Per ulteriori informazioni e iscrizioni:<\/strong><\/p>\n<ul>\n<li>Sede: Centro di educazione speciale di Puerto del Rosario.<\/li>\n<li>Telefono: 672429563<\/li>\n<li>E-mail: campamentostisajoyre@gmail.com<\/li>\n<li>Link: https:\/\/forms.gle\/dpdgVpqMmcFKsNiLA<\/li>\n<\/ul>\n<\/div>\n","protected":false},"excerpt":{"rendered":"<p>Un campo estivo per bambini e adolescenti con diversit\u00e0 funzionale di et\u00e0 compresa tra i 6 e i 15 anni inizier\u00e0 il 14 luglio e durer\u00e0 fino al 14 agosto [&hellip;]<\/p>\n","protected":false},"author":1,"featured_media":6900,"comment_status":"open","ping_status":"open","sticky":false,"template":"","format":"standard","meta":{"inline_featured_image":false,"jnews-multi-image_gallery":[],"jnews_single_post":[],"jnews_primary_category":[],"jnews_social_meta":[],"jnews_override_counter":[],"jnews_post_split":[],"footnotes":""},"categories":[295],"tags":[309],"class_list":["post-6904","post","type-post","status-publish","format-standard","has-post-thumbnail","hentry","category-puerto-del-rosario-it","tag-educacion-it"],"jetpack_featured_media_url":"https:\/\/informacionlocal.es\/wp-content\/uploads\/2025\/07\/manualidades-titu-ninos-funcional.jpg","_links":{"self":[{"href":"https:\/\/informacionlocal.es\/it\/wp-json\/wp\/v2\/posts\/6904","targetHints":{"allow":["GET"]}}],"collection":[{"href":"https:\/\/informacionlocal.es\/it\/wp-json\/wp\/v2\/posts"}],"about":[{"href":"https:\/\/informacionlocal.es\/it\/wp-json\/wp\/v2\/types\/post"}],"author":[{"embeddable":true,"href":"https:\/\/informacionlocal.es\/it\/wp-json\/wp\/v2\/users\/1"}],"replies":[{"embeddable":true,"href":"https:\/\/informacionlocal.es\/it\/wp-json\/wp\/v2\/comments?post=6904"}],"version-history":[{"count":0,"href":"https:\/\/informacionlocal.es\/it\/wp-json\/wp\/v2\/posts\/6904\/revisions"}],"wp:featuredmedia":[{"embeddable":true,"href":"https:\/\/informacionlocal.es\/it\/wp-json\/wp\/v2\/media\/6900"}],"wp:attachment":[{"href":"https:\/\/informacionlocal.es\/it\/wp-json\/wp\/v2\/media?parent=6904"}],"wp:term":[{"taxonomy":"category","embeddable":true,"href":"https:\/\/informacionlocal.es\/it\/wp-json\/wp\/v2\/categories?post=6904"},{"taxonomy":"post_tag","embeddable":true,"href":"https:\/\/informacionlocal.es\/it\/wp-json\/wp\/v2\/tags?post=6904"}],"curies":[{"name":"wp","href":"https:\/\/api.w.org\/{rel}","templated":true}]}}