{"id":6880,"date":"2025-07-07T19:03:24","date_gmt":"2025-07-07T18:03:24","guid":{"rendered":"https:\/\/informacionlocal.es\/puerto-del-rosario-richiede-miglioramenti-strategici-per-garantire-un-bacino-competitivo-e-sostenibile\/"},"modified":"2025-07-07T19:03:24","modified_gmt":"2025-07-07T18:03:24","slug":"puerto-del-rosario-richiede-miglioramenti-strategici-per-garantire-un-bacino-competitivo-e-sostenibile","status":"publish","type":"post","link":"https:\/\/informacionlocal.es\/it\/puerto-del-rosario-richiede-miglioramenti-strategici-per-garantire-un-bacino-competitivo-e-sostenibile\/","title":{"rendered":"Puerto del Rosario richiede miglioramenti strategici per garantire un bacino competitivo e sostenibile."},"content":{"rendered":"<div class=\"entry-content\">\n<p>Il Comune di Puerto del Rosario rafforza il suo impegno per la competitivit\u00e0 e l&#8217;ammodernamento dell&#8217;unico molo di interesse statale dell&#8217;isola di Fuerteventura, considerato un&#8217;infrastruttura chiave per l&#8217;economia dell&#8217;isola e la generazione di posti di lavoro.<\/p>\n<p>Le azioni prioritarie comprendono l&#8217;ampliamento delle strutture di ormeggio, l&#8217;elettrificazione dei moli per ridurre il rumore e l&#8217;impatto ambientale e l&#8217;assunzione di personale permanente presso il posto di ispezione fitosanitaria. Queste misure mirano a risolvere le carenze storiche che limitano l&#8217;importazione e l&#8217;esportazione di merci. <\/p>\n<p>Il sindaco, <strong>David de Vera<\/strong>, sottolinea che <em>&#8220;il nostro porto \u00e8 un elemento strategico per l&#8217;isola. Non possiamo permettere che la mancanza di risorse o decisioni sbagliate rallentino lo sviluppo delle imprese e aumentino i costi per i lavoratori autonomi, i commercianti e gli autotrasportatori&#8221;.<\/em><\/p>\n<p>Negli ultimi mesi, la corporazione municipale ha coordinato incontri con il presidente del Cabildo di Fuerteventura, i rappresentanti della Camera di Commercio e gli imprenditori interessati per comunicare all&#8217;Autorit\u00e0 Portuale e al Ministero dell&#8217;Agricoltura l&#8217;urgente necessit\u00e0 di coprire i posti di ispettore fitosanitario in modo stabile.<\/p>\n<p>Attualmente, questa carenza costringe molte aziende a dirottare le merci verso porti vicini come Arrecife o Las Palmas, il che rappresenta un sovraccarico di costi logistici che incide direttamente sulla competitivit\u00e0 dell&#8217;economia maiorchina.<\/p>\n<p>De Vera sottolinea che <em>&#8220;la doppia insularit\u00e0 non pu\u00f2 pi\u00f9 essere una scusa per accettare la mancanza di servizi di base nel nostro porto. Chiediamo che Fuerteventura sia trattata su un piano di parit\u00e0 e che sia garantita la presenza del personale necessario per le ispezioni e le procedure doganali&#8221;.<\/em><\/p>\n<p>Un altro aspetto fondamentale \u00e8 la necessit\u00e0 di sbloccare la situazione dell&#8217;attuale majorera di stivaggio, la cui estensione e modello di gestione stanno generando restrizioni di capacit\u00e0 e rallentando le operazioni. <em>&#8220;Vogliamo un bacino aperto alla libera concorrenza tra le compagnie di navigazione, che attragga nuove rotte e operatori logistici. Per questo abbiamo chiesto all&#8217;Autorit\u00e0 Portuale il dossier completo della concessione e stiamo organizzando incontri con le compagnie di navigazione interessate a operare da Puerto del Rosario&#8221;,<\/em> spiega il sindaco.<\/p>\n<p>Il Concistoro ricorda che sono gi\u00e0 stati avviati progetti di ammodernamento della banchina con investimenti per quasi 40 milioni di euro, finalizzati all&#8217;ampliamento degli ormeggi e all&#8217;installazione di OPS (sistemi di alimentazione portuale) che ridurranno il rumore e le emissioni durante le manovre di ormeggio e disormeggio.<\/p>\n<p><em>&#8220;Non possiamo permettere che questa infrastruttura strategica sia un freno. Abbiamo l&#8217;opportunit\u00e0 di trasformare il nostro porto in un riferimento logistico, pi\u00f9 efficiente, rispettoso dell&#8217;ambiente e allineato alle reali esigenze del tessuto imprenditoriale&#8221;, sottolinea<\/em> De Vera.<\/p>\n<p>Il sindaco sottolinea l&#8217;importanza che il nuovo piano strategico per il porto sia costruito di pari passo con i settori economici di Fuerteventura: <em>&#8220;Solo in questo modo saremo in grado di rispondere alle esigenze del futuro, di attrarre investimenti e di garantire che il nostro porto sia il motore del progresso per l&#8217;intera isola&#8221;,<\/em> conclude.<\/p>\n<\/div>\n","protected":false},"excerpt":{"rendered":"<p>Il Comune di Puerto del Rosario rafforza il suo impegno per la competitivit\u00e0 e l&#8217;ammodernamento dell&#8217;unico molo di interesse statale dell&#8217;isola di Fuerteventura, considerato un&#8217;infrastruttura chiave per l&#8217;economia dell&#8217;isola e [&hellip;]<\/p>\n","protected":false},"author":1,"featured_media":6876,"comment_status":"open","ping_status":"open","sticky":false,"template":"","format":"standard","meta":{"inline_featured_image":false,"jnews-multi-image_gallery":[],"jnews_single_post":[],"jnews_primary_category":[],"jnews_social_meta":[],"jnews_override_counter":[],"jnews_post_split":[],"footnotes":""},"categories":[295],"tags":[223],"class_list":["post-6880","post","type-post","status-publish","format-standard","has-post-thumbnail","hentry","category-puerto-del-rosario-it","tag-fuerteventura-it"],"jetpack_featured_media_url":"https:\/\/informacionlocal.es\/wp-content\/uploads\/2025\/07\/alcalde-titu-en-muelle-scaled-1.jpg","_links":{"self":[{"href":"https:\/\/informacionlocal.es\/it\/wp-json\/wp\/v2\/posts\/6880","targetHints":{"allow":["GET"]}}],"collection":[{"href":"https:\/\/informacionlocal.es\/it\/wp-json\/wp\/v2\/posts"}],"about":[{"href":"https:\/\/informacionlocal.es\/it\/wp-json\/wp\/v2\/types\/post"}],"author":[{"embeddable":true,"href":"https:\/\/informacionlocal.es\/it\/wp-json\/wp\/v2\/users\/1"}],"replies":[{"embeddable":true,"href":"https:\/\/informacionlocal.es\/it\/wp-json\/wp\/v2\/comments?post=6880"}],"version-history":[{"count":0,"href":"https:\/\/informacionlocal.es\/it\/wp-json\/wp\/v2\/posts\/6880\/revisions"}],"wp:featuredmedia":[{"embeddable":true,"href":"https:\/\/informacionlocal.es\/it\/wp-json\/wp\/v2\/media\/6876"}],"wp:attachment":[{"href":"https:\/\/informacionlocal.es\/it\/wp-json\/wp\/v2\/media?parent=6880"}],"wp:term":[{"taxonomy":"category","embeddable":true,"href":"https:\/\/informacionlocal.es\/it\/wp-json\/wp\/v2\/categories?post=6880"},{"taxonomy":"post_tag","embeddable":true,"href":"https:\/\/informacionlocal.es\/it\/wp-json\/wp\/v2\/tags?post=6880"}],"curies":[{"name":"wp","href":"https:\/\/api.w.org\/{rel}","templated":true}]}}