{"id":6864,"date":"2025-07-07T17:58:22","date_gmt":"2025-07-07T16:58:22","guid":{"rendered":"https:\/\/informacionlocal.es\/il-municipio-di-pajara-installa-le-tende-da-sole-nelle-aule-per-bambini-del-ceip-morro-jable-ii\/"},"modified":"2025-07-07T17:58:22","modified_gmt":"2025-07-07T16:58:22","slug":"il-municipio-di-pajara-installa-le-tende-da-sole-nelle-aule-per-bambini-del-ceip-morro-jable-ii","status":"publish","type":"post","link":"https:\/\/informacionlocal.es\/it\/il-municipio-di-pajara-installa-le-tende-da-sole-nelle-aule-per-bambini-del-ceip-morro-jable-ii\/","title":{"rendered":"Il Municipio di P\u00e1jara installa le tende da sole nelle aule per bambini del CEIP Morro Jable II"},"content":{"rendered":"<div class=\"entry-content\">\n<p><b><i>L&#8217;azione mira a creare spazi ombreggiati per il gioco e l&#8217;apprendimento all&#8217;aperto.<\/i><\/b><\/p>\n<p><span>Il Comune di P\u00e1jara, attraverso il Dipartimento dell&#8217;Educazione, completa l&#8217;installazione di tende da sole precompresse nelle aule all&#8217;aperto per gli studenti di due anni del CEIP Morro Jable II.  <\/span><\/p>\n<p><span>Lo scopo principale di questa azione \u00e8 migliorare le condizioni di abitabilit\u00e0 del centro e proteggere i bambini dall&#8217;esposizione diretta al sole, soprattutto nei mesi di maggiore intensit\u00e0 solare.  <\/span><\/p>\n<p><span>L&#8217;intervento ha comportato un investimento di oltre 48.000 euro, a carico dell&#8217;attuale bilancio comunale, e risponde all&#8217;impegno del Comune per il miglioramento continuo delle infrastrutture educative del municipio.  <\/span><\/p>\n<p><span>L&#8217;assessore all&#8217;Educazione, \u00c1ngeles Acosta, sottolinea l&#8217;importanza di questo miglioramento e fa notare che \u00e8 un modo per &#8220;rispondere a un&#8217;esigenza reale del centro e delle famiglie&#8221;. Aggiunge inoltre che &#8220;questo tipo di azione \u00e8 essenziale nelle prime fasi di sviluppo, dove l&#8217;ambiente influenza direttamente il benessere e l&#8217;esperienza educativa degli studenti&#8221;.   <\/span><\/p>\n<p><span>Da parte sua, il sindaco di P\u00e1jara, Alejandro Jorge, ha sottolineato che &#8220;questo era uno degli impegni presi dal gruppo di governo nei confronti degli studenti di questo centro, in quanto il nostro obiettivo \u00e8 contribuire a migliorare la qualit\u00e0 dell&#8217;istruzione modernizzando e adattando le infrastrutture&#8221;.  <\/span><\/p>\n<p><span>L&#8217;installazione di queste tende consente di creare aree nei cortili delle aule della scuola, riducendo l&#8217;esposizione diretta al sole e favorendo lo svolgimento delle attivit\u00e0 all&#8217;aperto in condizioni migliori.<\/span><\/p>\n<\/div>\n","protected":false},"excerpt":{"rendered":"<p><i>L&#8217;azione mira a creare spazi ombreggiati per il gioco e l&#8217;apprendimento all&#8217;aperto.<\/i><\/p>\n","protected":false},"author":1,"featured_media":6859,"comment_status":"open","ping_status":"open","sticky":false,"template":"","format":"standard","meta":{"inline_featured_image":false,"jnews-multi-image_gallery":[],"jnews_single_post":[],"jnews_primary_category":[],"jnews_social_meta":[],"jnews_override_counter":[],"jnews_post_split":[],"footnotes":""},"categories":[298],"tags":[309],"class_list":["post-6864","post","type-post","status-publish","format-standard","has-post-thumbnail","hentry","category-pajara-it","tag-educacion-it"],"jetpack_featured_media_url":"https:\/\/informacionlocal.es\/wp-content\/uploads\/2025\/07\/toldos.jpeg","_links":{"self":[{"href":"https:\/\/informacionlocal.es\/it\/wp-json\/wp\/v2\/posts\/6864","targetHints":{"allow":["GET"]}}],"collection":[{"href":"https:\/\/informacionlocal.es\/it\/wp-json\/wp\/v2\/posts"}],"about":[{"href":"https:\/\/informacionlocal.es\/it\/wp-json\/wp\/v2\/types\/post"}],"author":[{"embeddable":true,"href":"https:\/\/informacionlocal.es\/it\/wp-json\/wp\/v2\/users\/1"}],"replies":[{"embeddable":true,"href":"https:\/\/informacionlocal.es\/it\/wp-json\/wp\/v2\/comments?post=6864"}],"version-history":[{"count":0,"href":"https:\/\/informacionlocal.es\/it\/wp-json\/wp\/v2\/posts\/6864\/revisions"}],"wp:featuredmedia":[{"embeddable":true,"href":"https:\/\/informacionlocal.es\/it\/wp-json\/wp\/v2\/media\/6859"}],"wp:attachment":[{"href":"https:\/\/informacionlocal.es\/it\/wp-json\/wp\/v2\/media?parent=6864"}],"wp:term":[{"taxonomy":"category","embeddable":true,"href":"https:\/\/informacionlocal.es\/it\/wp-json\/wp\/v2\/categories?post=6864"},{"taxonomy":"post_tag","embeddable":true,"href":"https:\/\/informacionlocal.es\/it\/wp-json\/wp\/v2\/tags?post=6864"}],"curies":[{"name":"wp","href":"https:\/\/api.w.org\/{rel}","templated":true}]}}