{"id":6796,"date":"2025-07-07T16:59:36","date_gmt":"2025-07-07T15:59:36","guid":{"rendered":"https:\/\/informacionlocal.es\/il-mercato-contadino-di-antigua-e-una-vetrina-per-i-migliori-prodotti-e-produttori-a-chilometro-zero\/"},"modified":"2025-07-07T16:59:36","modified_gmt":"2025-07-07T15:59:36","slug":"il-mercato-contadino-di-antigua-e-una-vetrina-per-i-migliori-prodotti-e-produttori-a-chilometro-zero","status":"publish","type":"post","link":"https:\/\/informacionlocal.es\/it\/il-mercato-contadino-di-antigua-e-una-vetrina-per-i-migliori-prodotti-e-produttori-a-chilometro-zero\/","title":{"rendered":"Il mercato contadino di Antigua \u00e8 una vetrina per i migliori prodotti e produttori a chilometro zero."},"content":{"rendered":"<div class=\"elementor-widget-container\">\n<p><strong>Il mercato contadino di Antigua \u00e8 una vetrina per i migliori prodotti e produttori a chilometro zero.<\/strong><\/p>\n<p><strong>&#8211; Ogni prima domenica del mese, la piazza di Antigua \u00e8 un&#8217;occasione per presentare e vendere il meglio, per conoscere il nostro prodotto e per gustare il sapore locale.  <\/strong><br \/><strong>&#8211; Il ritorno del mercato contadino \u00e8 accolto con favore sia dai venditori che dai vicini.<\/strong><\/p>\n<p>Dai pomodori di La Corte, al pesce in scatola ed essiccato di Las Salinas, alla birra artigianale Majorero, al caff\u00e8 della Costa Rica, alla Spirulina di Agua de Bueyes, ai dolci e torroni di Antigua, ai dolci di La Marquesita, ai formaggi Majorero di prima qualit\u00e0 o alla canna da zucchero prodotta a Fuerteventura, il Mercato Contadino di Antigua diventa ogni prima domenica del mese una vetrina dell&#8217;eccellenza dei prodotti a chilometro zero, freschi e di qualit\u00e0, offrendo come plus l&#8217;affetto e il contatto diretto con i produttori.<\/p>\n<p>Il Comune di Antigua, attraverso il suo dipartimento del settore primario, riporta questo evento mensile nella piazza di Antigua, che a sua volta recupera in ogni edizione le visite e le presenze dei clienti abituali che completano la loro dispensa a casa con i prodotti migliori e pi\u00f9 vicini.<\/p>\n<p>Il sindaco, Mat\u00edas Pe\u00f1a, e l&#8217;assessore alla zona, Fernando Estupi\u00f1\u00e1n, sono grati per la partecipazione di produttori e vicini a questo evento della prima domenica del mese, ricordando che l&#8217;iscrizione per partecipare \u00e8 aperta e gratuita, con il Municipio di Antigua che facilita l&#8217;installazione della tenda, la promozione e l&#8217;allacciamento elettrico se necessario.<\/p>\n<\/div>\n","protected":false},"excerpt":{"rendered":"<p><strong>Il mercato contadino di Antigua \u00e8 una vetrina per i migliori prodotti e produttori a chilometro zero.<\/strong><\/p>\n","protected":false},"author":1,"featured_media":6793,"comment_status":"open","ping_status":"open","sticky":false,"template":"","format":"standard","meta":{"inline_featured_image":false,"jnews-multi-image_gallery":[],"jnews_single_post":[],"jnews_primary_category":[],"jnews_social_meta":[],"jnews_override_counter":[],"jnews_post_split":[],"footnotes":""},"categories":[282],"tags":[223],"class_list":["post-6796","post","type-post","status-publish","format-standard","has-post-thumbnail","hentry","category-antigua-it","tag-fuerteventura-it"],"jetpack_featured_media_url":"https:\/\/informacionlocal.es\/wp-content\/uploads\/2025\/07\/mercado-agricola-de-antigua-1-scaled-1.jpg","_links":{"self":[{"href":"https:\/\/informacionlocal.es\/it\/wp-json\/wp\/v2\/posts\/6796","targetHints":{"allow":["GET"]}}],"collection":[{"href":"https:\/\/informacionlocal.es\/it\/wp-json\/wp\/v2\/posts"}],"about":[{"href":"https:\/\/informacionlocal.es\/it\/wp-json\/wp\/v2\/types\/post"}],"author":[{"embeddable":true,"href":"https:\/\/informacionlocal.es\/it\/wp-json\/wp\/v2\/users\/1"}],"replies":[{"embeddable":true,"href":"https:\/\/informacionlocal.es\/it\/wp-json\/wp\/v2\/comments?post=6796"}],"version-history":[{"count":0,"href":"https:\/\/informacionlocal.es\/it\/wp-json\/wp\/v2\/posts\/6796\/revisions"}],"wp:featuredmedia":[{"embeddable":true,"href":"https:\/\/informacionlocal.es\/it\/wp-json\/wp\/v2\/media\/6793"}],"wp:attachment":[{"href":"https:\/\/informacionlocal.es\/it\/wp-json\/wp\/v2\/media?parent=6796"}],"wp:term":[{"taxonomy":"category","embeddable":true,"href":"https:\/\/informacionlocal.es\/it\/wp-json\/wp\/v2\/categories?post=6796"},{"taxonomy":"post_tag","embeddable":true,"href":"https:\/\/informacionlocal.es\/it\/wp-json\/wp\/v2\/tags?post=6796"}],"curies":[{"name":"wp","href":"https:\/\/api.w.org\/{rel}","templated":true}]}}