{"id":6783,"date":"2025-07-07T15:58:33","date_gmt":"2025-07-07T14:58:33","guid":{"rendered":"https:\/\/informacionlocal.es\/il-turismo-lancia-unintensa-giornata-professionale-in-germania-insieme-a-piu-della-meta-degli-hotel-di-fuerteventura\/"},"modified":"2025-07-07T15:58:33","modified_gmt":"2025-07-07T14:58:33","slug":"il-turismo-lancia-unintensa-giornata-professionale-in-germania-insieme-a-piu-della-meta-degli-hotel-di-fuerteventura","status":"publish","type":"post","link":"https:\/\/informacionlocal.es\/it\/il-turismo-lancia-unintensa-giornata-professionale-in-germania-insieme-a-piu-della-meta-degli-hotel-di-fuerteventura\/","title":{"rendered":"Il turismo lancia un&#8217;intensa giornata professionale in Germania insieme a pi\u00f9 della met\u00e0 degli hotel di Fuerteventura"},"content":{"rendered":"<div class=\"entry-content\"><strong>7 luglio 2025<\/strong><\/p>\n<p><em><strong>39 stabilimenti visiteranno i mercati di D\u00fcsseldorf, Hannover, Amburgo e Berlino dal 14 al 17 luglio.<\/strong><\/em><\/p>\n<p><em><strong>Marlene Figueroa: &#8220;Il contatto professionale diretto tra le destinazioni e gli emittenti conferisce un profilo umano alla contrattazione dei pacchetti e favorisce un migliore turismo e una migliore occupazione sull&#8217;isola&#8221;.<\/strong><\/em><\/p>\n<p><em><strong>Pi\u00f9 di 801.000 passeggeri hanno raggiunto Fuerteventura nel 2024 con voli diretti da dieci aeroporti tedeschi.<\/strong><\/em><\/p>\n<p>Fuerteventura lancia una potente campagna in Germania, uno dei mercati turistici pi\u00f9 importanti per l&#8217;isola in termini di spesa per la destinazione. Pi\u00f9 della met\u00e0 degli hotel da 3 a 5 stelle che operano a Fuerteventura hanno aderito alla spedizione professionale, il che d\u00e0 grande forza all&#8217;iniziativa dell&#8217;Ente del Turismo. <\/p>\n<p>L&#8217;Assessore al Turismo del Consiglio dell&#8217;Isola di Fuerteventura, Marlene Figueroa, spiega che &#8220;il contatto professionale diretto tra i rappresentanti delle destinazioni e i mercati emittenti apporta un profilo umano necessario alla contrattazione dei pacchetti, che viene negoziata al di l\u00e0 della freddezza e della distanza delle cifre, e quindi aiuta a ottenere un turista migliore con un maggiore potere d&#8217;acquisto che, a sua volta, si tradurr\u00e0 in migliori condizioni occupazionali sull&#8217;isola&#8221;.<\/p>\n<p>Le Conferenze Professionali dell&#8217;Ente del Turismo, con la presenza di 39 hotel di Fuerteventura, si svolgeranno a met\u00e0 luglio con incontri a D\u00fcsseldorf (il 14), Hannover (il 15), Amburgo (il 16) e Berlino (il 17 luglio) con i principali operatori del settore in Germania.<\/p>\n<p>  Il settore turistico di Fuerteventura sta sostenendo con forza l&#8217;iniziativa dell&#8217;Ente del Turismo, inviando dirigenti di Barcel\u00f3 Hotels, Coral Cotillo Beach Hotel, Elba Hotels, Fergus Hotels, Hyatt Inclusive Collection, Iberostar Hotels, LIVVO Hotels, Princess Hotels e R2 Hotels.<\/p>\n<p>Queste nove catene alberghiere presenti sull&#8217;isola totalizzano 39 strutture da 3 a 5 stelle, sulle 71 esistenti a Fuerteventura.<\/p>\n<p>Il settore \u00e8 consapevole della forza che conferenze professionali potenti come quelle che abbiamo organizzato gli conferiscono&#8221;, afferma, &#8220;una forza collettiva come destinazione unita e una forza individuale all&#8217;interno di un ecosistema imprenditoriale in linea con le politiche della pubblica amministrazione&#8221;.<\/p>\n<p>&#8220;Da parte dell&#8217;Ente del Turismo e del Cabildo di Fuerteventura garantiamo la qualit\u00e0 del servizio al cliente offerto dai nostri stabilimenti e anche che questi stabilimenti offrano condizioni di lavoro conformi a questa qualit\u00e0&#8221;, aggiunge Marlene Figueroa.<\/p>\n<h2>L&#8217;importanza della Germania<\/h2>\n<p>Il mercato tedesco \u00e8 fondamentale nelle Isole Canarie e, naturalmente, a Fuerteventura, dove rappresenta quasi il 32% del numero totale di turisti. I dati relativi allo scorso anno 2024 mostrano che l&#8217;isola ha ricevuto 769.847 turisti tedeschi, con 801.502 passeggeri arrivati dagli aeroporti tedeschi con voli diretti. <\/p>\n<p>E qui sta una delle chiavi del rapporto tra la Germania e Fuerteventura: la connettivit\u00e0 aerea. Nel 2025 ci saranno voli diretti regolari per l&#8217;isola da Francoforte, Monaco, D\u00fcsseldorf, Berlino, Amburgo, Hannover, Stoccarda, Brema, Colonia e Dresda. <\/p>\n<p>  Dieci aeroporti tedeschi da cui operano diverse compagnie aeree per Fuerteventura. L&#8217;ultima ad aderire, con partenze da Berlino e Brema, \u00e8 la compagnia Sundair. <\/p>\n<p>  Il turista tedesco medio spende pi\u00f9 di 169 euro al giorno nella destinazione. Investono circa 1.700 euro nel loro viaggio a Fuerteventura, con un soggiorno medio di oltre 10 giorni. L&#8217;et\u00e0 media dei tedeschi che visitano Fuerteventura \u00e8 di 48 anni e quasi la met\u00e0 di loro viaggia in coppia, ma senza figli. La motivazione principale che spinge i tedeschi a recarsi a Fuerteventura \u00e8 il relax e l&#8217;interazione con la cultura e i costumi locali.   <\/p>\n<\/div>\n","protected":false},"excerpt":{"rendered":"<p>7 luglio 2025 39 stabilimenti visiteranno i mercati di D\u00fcsseldorf, Hannover, Amburgo e Berlino dal 14 al 17 luglio. Marlene Figueroa: &#8220;Il contatto professionale diretto tra le destinazioni e gli [&hellip;]<\/p>\n","protected":false},"author":1,"featured_media":6781,"comment_status":"open","ping_status":"open","sticky":false,"template":"","format":"standard","meta":{"inline_featured_image":false,"jnews-multi-image_gallery":[],"jnews_single_post":[],"jnews_primary_category":[],"jnews_social_meta":[],"jnews_override_counter":[],"jnews_post_split":[],"footnotes":""},"categories":[289],"tags":[223],"class_list":["post-6783","post","type-post","status-publish","format-standard","has-post-thumbnail","hentry","category-cabildo-it","tag-fuerteventura-it"],"jetpack_featured_media_url":"https:\/\/informacionlocal.es\/wp-content\/uploads\/2025\/07\/sss-2.jpeg","_links":{"self":[{"href":"https:\/\/informacionlocal.es\/it\/wp-json\/wp\/v2\/posts\/6783","targetHints":{"allow":["GET"]}}],"collection":[{"href":"https:\/\/informacionlocal.es\/it\/wp-json\/wp\/v2\/posts"}],"about":[{"href":"https:\/\/informacionlocal.es\/it\/wp-json\/wp\/v2\/types\/post"}],"author":[{"embeddable":true,"href":"https:\/\/informacionlocal.es\/it\/wp-json\/wp\/v2\/users\/1"}],"replies":[{"embeddable":true,"href":"https:\/\/informacionlocal.es\/it\/wp-json\/wp\/v2\/comments?post=6783"}],"version-history":[{"count":0,"href":"https:\/\/informacionlocal.es\/it\/wp-json\/wp\/v2\/posts\/6783\/revisions"}],"wp:featuredmedia":[{"embeddable":true,"href":"https:\/\/informacionlocal.es\/it\/wp-json\/wp\/v2\/media\/6781"}],"wp:attachment":[{"href":"https:\/\/informacionlocal.es\/it\/wp-json\/wp\/v2\/media?parent=6783"}],"wp:term":[{"taxonomy":"category","embeddable":true,"href":"https:\/\/informacionlocal.es\/it\/wp-json\/wp\/v2\/categories?post=6783"},{"taxonomy":"post_tag","embeddable":true,"href":"https:\/\/informacionlocal.es\/it\/wp-json\/wp\/v2\/tags?post=6783"}],"curies":[{"name":"wp","href":"https:\/\/api.w.org\/{rel}","templated":true}]}}