{"id":6756,"date":"2025-07-07T13:58:41","date_gmt":"2025-07-07T12:58:41","guid":{"rendered":"https:\/\/informacionlocal.es\/il-cabildo-di-fuerteventura-avvia-con-successo-colloqui-di-formazione-sul-controllo-parentale\/"},"modified":"2025-07-07T13:58:41","modified_gmt":"2025-07-07T12:58:41","slug":"il-cabildo-di-fuerteventura-avvia-con-successo-colloqui-di-formazione-sul-controllo-parentale","status":"publish","type":"post","link":"https:\/\/informacionlocal.es\/it\/il-cabildo-di-fuerteventura-avvia-con-successo-colloqui-di-formazione-sul-controllo-parentale\/","title":{"rendered":"Il Cabildo di Fuerteventura avvia con successo colloqui di formazione sul controllo parentale"},"content":{"rendered":"<div class=\"entry-content\"><strong>7 luglio 2025<\/strong><\/p>\n<p><em><strong>La formazione prevede un tour in diverse localit\u00e0 dell&#8217;isola.<\/strong><\/em><\/p>\n<p>Il Cabildo di Fuerteventura, attraverso il Dipartimento di Nuove Tecnologie, ha avviato con successo l&#8217;azione di formazione &#8220;Controllo parentale e uso sicuro di cellulari e tablet&#8221;, rivolta alle Associazioni dei genitori degli studenti (FIMAPA) dell&#8217;isola.<\/p>\n<p>Il progetto, finanziato dalla FDCAN, ha come obiettivo principale quello di fornire alle famiglie strumenti e conoscenze che permettano loro di supervisionare e gestire efficacemente l&#8217;uso di telefoni cellulari e tablet da parte dei loro figli, promuovendo cos\u00ec un ambiente digitale sicuro. La formazione \u00e8 gi\u00e0 iniziata presso il Centro Culturale di Tesjuate e sar\u00e0 impartita in diverse localit\u00e0 come Morro Jable, Costa Calma, Gran Tarajal, Antigua, Puerto del Rosario, La Oliva e Corralejo, tra le altre. <\/p>\n<p>L&#8217;assessore alle Nuove Tecnologie dell&#8217;isola, Carmen Alonso, sottolinea il valore di questa iniziativa per &#8220;responsabilizzare le famiglie&#8221; con informazioni utili e aggiornate, in modo che possano accompagnare i loro figli nel mondo digitale. In questo senso, sottolinea l&#8217;impegno del Cabildo Majorero per l&#8217;educazione digitale e la protezione dei minori nell&#8217;ambiente online. &#8220;Sempre pi\u00f9 bambini accedono alla tecnologia e ai social network fin da piccoli, per questo riteniamo che questo programma sia fondamentale&#8221;, conclude.  <\/p>\n<p><strong>Linea strategica di conoscenza R+D+i<\/strong><\/p>\n<p>Durante i colloqui vengono affrontati argomenti chiave come i benefici e i rischi dell&#8217;uso dei dispositivi digitali, l&#8217;uso degli strumenti di controllo parentale, la configurazione sicura dei telefoni cellulari e le raccomandazioni per un uso responsabile e autonomo della tecnologia. Inoltre, alle famiglie vengono forniti materiali di supporto, tra cui guide pratiche, risorse web e video tutorial. <\/p>\n<p>I colloqui fanno parte della Linea strategica di conoscenza R+D+i del Cabildo di Fuerteventura, nell&#8217;ambito dell&#8217;asse di promozione dei servizi pubblici digitali e dell&#8217;azione &#8220;Competenze digitali per la cittadinanza&#8221;. Il progetto mira a promuovere l&#8217;innovazione e la conoscenza come pilastri per una societ\u00e0 preparata al digitale. <\/p>\n<\/div>\n","protected":false},"excerpt":{"rendered":"<p>7 luglio 2025 La formazione prevede un tour in diverse localit\u00e0 dell&#8217;isola. Il Cabildo di Fuerteventura, attraverso il Dipartimento di Nuove Tecnologie, ha avviato con successo l&#8217;azione di formazione &#8220;Controllo [&hellip;]<\/p>\n","protected":false},"author":1,"featured_media":6753,"comment_status":"open","ping_status":"open","sticky":false,"template":"","format":"standard","meta":{"inline_featured_image":false,"jnews-multi-image_gallery":[],"jnews_single_post":[],"jnews_primary_category":[],"jnews_social_meta":[],"jnews_override_counter":[],"jnews_post_split":[],"footnotes":""},"categories":[289],"tags":[309,223,203],"class_list":["post-6756","post","type-post","status-publish","format-standard","has-post-thumbnail","hentry","category-cabildo-it","tag-educacion-it","tag-fuerteventura-it","tag-servizi-pubblici"],"jetpack_featured_media_url":"https:\/\/informacionlocal.es\/wp-content\/uploads\/2025\/07\/qwww.jpeg","_links":{"self":[{"href":"https:\/\/informacionlocal.es\/it\/wp-json\/wp\/v2\/posts\/6756","targetHints":{"allow":["GET"]}}],"collection":[{"href":"https:\/\/informacionlocal.es\/it\/wp-json\/wp\/v2\/posts"}],"about":[{"href":"https:\/\/informacionlocal.es\/it\/wp-json\/wp\/v2\/types\/post"}],"author":[{"embeddable":true,"href":"https:\/\/informacionlocal.es\/it\/wp-json\/wp\/v2\/users\/1"}],"replies":[{"embeddable":true,"href":"https:\/\/informacionlocal.es\/it\/wp-json\/wp\/v2\/comments?post=6756"}],"version-history":[{"count":0,"href":"https:\/\/informacionlocal.es\/it\/wp-json\/wp\/v2\/posts\/6756\/revisions"}],"wp:featuredmedia":[{"embeddable":true,"href":"https:\/\/informacionlocal.es\/it\/wp-json\/wp\/v2\/media\/6753"}],"wp:attachment":[{"href":"https:\/\/informacionlocal.es\/it\/wp-json\/wp\/v2\/media?parent=6756"}],"wp:term":[{"taxonomy":"category","embeddable":true,"href":"https:\/\/informacionlocal.es\/it\/wp-json\/wp\/v2\/categories?post=6756"},{"taxonomy":"post_tag","embeddable":true,"href":"https:\/\/informacionlocal.es\/it\/wp-json\/wp\/v2\/tags?post=6756"}],"curies":[{"name":"wp","href":"https:\/\/api.w.org\/{rel}","templated":true}]}}