{"id":6706,"date":"2025-07-07T11:59:07","date_gmt":"2025-07-07T10:59:07","guid":{"rendered":"https:\/\/informacionlocal.es\/il-cabildo-denuncia-la-situazione-di-precarieta-in-cui-versano-il-personale-e-gli-utenti-dellufficio-insulare-di-educazione-e-ispezione-educativa-di-fuerteventura\/"},"modified":"2025-07-07T11:59:07","modified_gmt":"2025-07-07T10:59:07","slug":"il-cabildo-denuncia-la-situazione-di-precarieta-in-cui-versano-il-personale-e-gli-utenti-dellufficio-insulare-di-educazione-e-ispezione-educativa-di-fuerteventura","status":"publish","type":"post","link":"https:\/\/informacionlocal.es\/it\/il-cabildo-denuncia-la-situazione-di-precarieta-in-cui-versano-il-personale-e-gli-utenti-dellufficio-insulare-di-educazione-e-ispezione-educativa-di-fuerteventura\/","title":{"rendered":"Il Cabildo denuncia la situazione di precariet\u00e0 in cui versano il personale e gli utenti dell&#8217;Ufficio Insulare di Educazione e Ispezione Educativa di Fuerteventura."},"content":{"rendered":"<div class=\"entry-content\"><strong>7 luglio 2025<\/strong><\/p>\n<p><em><strong>Le strutture sono situate in un seminterrato che non soddisfa gli standard minimi di qualit\u00e0 richiesti, con conseguenze sulla salute e sulla sicurezza dei lavoratori e degli utenti.<\/strong><\/em><\/p>\n<p>Il Cabildo di Fuerteventura denuncia la situazione deplorevole delle strutture dell&#8217;Ufficio Insulare di Educazione e Ispezione Educativa, che da sette mesi si trovano in strutture che non soddisfano gli standard minimi di qualit\u00e0.<\/p>\n<p>Una situazione che, secondo l&#8217;assessore all&#8217;istruzione dell&#8217;isola, Adargoma Hern\u00e1ndez, non solo i lavoratori del servizio stanno subendo da tempo, non avendo condizioni di lavoro dignitose e sicure, ma anche gli utenti che ogni giorno si recano negli uffici, situati in Calle Sevilla a Puerto del Rosario.<\/p>\n<p>Adargoma Hern\u00e1ndez sottolinea che &#8220;abbiamo gi\u00e0 portato questo problema all&#8217;attenzione del Ministero dell&#8217;Educazione regionale delle Canarie in diverse occasioni, cos\u00ec come nell&#8217;ultimo Consiglio scolastico delle Canarie, l&#8217;organo di partecipazione dei settori pi\u00f9 direttamente legati al settore dell&#8217;educazione nella comunit\u00e0 autonoma&#8221;.<\/p>\n<p>Inoltre, la presidente Lola Garc\u00eda ha chiesto per iscritto, il 4 giugno, un incontro urgente per affrontare i problemi legati all&#8217;istruzione sull&#8217;isola, senza ricevere alcuna risposta.<\/p>\n<p>Per questo motivo, &#8220;chiederemo nuovamente un incontro urgente per discutere, tra le altre cose, di una questione grave che riguarda la qualit\u00e0 dell&#8217;assistenza fornita a Fuerteventura e la salute professionale degli operatori, che svolgono il loro lavoro in un seminterrato senza ventilazione, colpito dall&#8217;umidit\u00e0 e senza alcuna misura per promuovere l&#8217;accessibilit\u00e0 o la privacy nello spazio. Inoltre, dobbiamo essere informati sullo stato delle altre infrastrutture iscritte a bilancio e sullo stato di esecuzione del Piano infrastrutturale, tra le altre questioni&#8221;.<\/p>\n<p>Una situazione che, secondo Hern\u00e1ndez, \u00e8 pi\u00f9 grave durante la stagione estiva, quando le temperature sono elevate e questi uffici ricevono un gran numero di utenti della comunit\u00e0 educativa, &#8220;mentre, d&#8217;altra parte, il direttore dell&#8217;Educazione dell&#8217;isola si trova in altre strutture lontane chilometri da ci\u00f2 che i dipendenti e gli utenti vivono quotidianamente l\u00ec. Questo \u00e8 qualcosa che non permetteremo al Cabildo di Fuerteventura, quindi continueremo a chiedere una soluzione urgente a una situazione insostenibile&#8221;.<\/p>\n<\/div>\n","protected":false},"excerpt":{"rendered":"<p>7 luglio 2025 Le strutture sono situate in un seminterrato che non soddisfa gli standard minimi di qualit\u00e0 richiesti, con conseguenze sulla salute e sulla sicurezza dei lavoratori e degli [&hellip;]<\/p>\n","protected":false},"author":1,"featured_media":6704,"comment_status":"open","ping_status":"open","sticky":false,"template":"","format":"standard","meta":{"inline_featured_image":false,"jnews-multi-image_gallery":[],"jnews_single_post":[],"jnews_primary_category":[],"jnews_social_meta":[],"jnews_override_counter":[],"jnews_post_split":[],"footnotes":""},"categories":[289],"tags":[309,223],"class_list":["post-6706","post","type-post","status-publish","format-standard","has-post-thumbnail","hentry","category-cabildo-it","tag-educacion-it","tag-fuerteventura-it"],"jetpack_featured_media_url":"https:\/\/informacionlocal.es\/wp-content\/uploads\/2025\/07\/swww.jpeg","_links":{"self":[{"href":"https:\/\/informacionlocal.es\/it\/wp-json\/wp\/v2\/posts\/6706","targetHints":{"allow":["GET"]}}],"collection":[{"href":"https:\/\/informacionlocal.es\/it\/wp-json\/wp\/v2\/posts"}],"about":[{"href":"https:\/\/informacionlocal.es\/it\/wp-json\/wp\/v2\/types\/post"}],"author":[{"embeddable":true,"href":"https:\/\/informacionlocal.es\/it\/wp-json\/wp\/v2\/users\/1"}],"replies":[{"embeddable":true,"href":"https:\/\/informacionlocal.es\/it\/wp-json\/wp\/v2\/comments?post=6706"}],"version-history":[{"count":0,"href":"https:\/\/informacionlocal.es\/it\/wp-json\/wp\/v2\/posts\/6706\/revisions"}],"wp:featuredmedia":[{"embeddable":true,"href":"https:\/\/informacionlocal.es\/it\/wp-json\/wp\/v2\/media\/6704"}],"wp:attachment":[{"href":"https:\/\/informacionlocal.es\/it\/wp-json\/wp\/v2\/media?parent=6706"}],"wp:term":[{"taxonomy":"category","embeddable":true,"href":"https:\/\/informacionlocal.es\/it\/wp-json\/wp\/v2\/categories?post=6706"},{"taxonomy":"post_tag","embeddable":true,"href":"https:\/\/informacionlocal.es\/it\/wp-json\/wp\/v2\/tags?post=6706"}],"curies":[{"name":"wp","href":"https:\/\/api.w.org\/{rel}","templated":true}]}}