{"id":6615,"date":"2025-07-06T23:59:48","date_gmt":"2025-07-06T22:59:48","guid":{"rendered":"https:\/\/informacionlocal.es\/il-cabildo-di-fuerteventura-organizza-la-conferenza-tecnofest-per-promuovere-soluzioni-tecnologiche-per-il-commercio-locale\/"},"modified":"2025-07-06T23:59:48","modified_gmt":"2025-07-06T22:59:48","slug":"il-cabildo-di-fuerteventura-organizza-la-conferenza-tecnofest-per-promuovere-soluzioni-tecnologiche-per-il-commercio-locale","status":"publish","type":"post","link":"https:\/\/informacionlocal.es\/it\/il-cabildo-di-fuerteventura-organizza-la-conferenza-tecnofest-per-promuovere-soluzioni-tecnologiche-per-il-commercio-locale\/","title":{"rendered":"Il Cabildo di Fuerteventura organizza la conferenza TecnoFest per promuovere soluzioni tecnologiche per il commercio locale"},"content":{"rendered":"<div class=\"entry-content\"><strong>1\u00b0 luglio 2025<\/strong><\/p>\n<p><em><strong>L&#8217;iniziativa si terr\u00e0 mercoled\u00ec prossimo, 9 luglio, nella Plaza de Lajares e riunir\u00e0 team multidisciplinari, mentori e imprese locali attorno a sfide reali.<\/strong><\/em><\/p>\n<p>Il Cabildo de Fuerteventura, attraverso l&#8217;area delle Nuove Tecnologie del Cabildo de Fuerteventura, diretta dal consigliere Carmen Alonso, lancia il TecnoFest Fuerteventura, come parte del suo programma volto alla dinamizzazione tecnologica.<\/p>\n<p>Con un format innovativo volto a mettere in contatto talenti, aziende e cittadini locali, TecnoFest nasce con l&#8217;obiettivo di riflettere sull&#8217;importanza della tecnologia per affrontare le sfide quotidiane del business e della societ\u00e0. Mira inoltre a generare uno spazio di collaborazione attiva in cui si costruiscono soluzioni reali applicabili sul territorio. <\/p>\n<p>L&#8217;evento si terr\u00e0 mercoled\u00ec 9 luglio, dalle 10.00 alle 13.00, nella Plaza de Lajares, nel comune di La Oliva, e sar\u00e0 aperto a tutti coloro che sono interessati a partecipare come pubblico o come membri dei gruppi di lavoro.<\/p>\n<p>Durante la giornata, cinque team multidisciplinari, composti da persone con profili diversi e accompagnati da un mentore specializzato, lavoreranno su problemi reali posti da imprese e organizzazioni locali. Ogni gruppo dovr\u00e0 proporre una soluzione tecnologica che risponda alle sfide individuate e preparare una presentazione che sar\u00e0 condivisa alla fine dell&#8217;evento. <\/p>\n<p>&#8220;Vogliamo che la tecnologia e la trasformazione digitale siano processi aperti e accessibili. Con il TecnoFest cerchiamo di avvicinare la tecnologia alle persone in modo ravvicinato e partecipativo, e di dimostrare che chiunque, a partire dalla propria esperienza, pu\u00f2 contribuire con idee preziose a beneficio del nostro tessuto economico e sociale&#8221;, sottolinea l&#8217;assessore alle Nuove tecnologie, Carmen Alonso.<\/p>\n<p>Il programma prevede un discorso inaugurale dal titolo &#8220;Technology to transform&#8221;, workshop collaborativi e uno spazio finale per la presentazione delle soluzioni chiamato TecnoExpo, in cui ogni team presenter\u00e0 pubblicamente le proprie proposte. La chiusura della giornata sar\u00e0 caratterizzata da un momento di musica e networking che faciliter\u00e0 la connessione tra i partecipanti, i mentori e il pubblico. <\/p>\n<p>Il TecnoFest Fuerteventura fa parte della strategia del Cabildo de Fuerteventura per promuovere la digitalizzazione, l&#8217;innovazione pratica e lo sviluppo di nuove competenze nei comuni dell&#8217;isola, soprattutto tra le piccole imprese, i liberi professionisti e gli imprenditori.<\/p>\n<p>La partecipazione \u00e8 gratuita e i posti nelle squadre sono limitati.<\/p>\n<p>Gli interessati possono consultare maggiori informazioni e registrarsi attraverso il sito web del Cabildo de Fuerteventura e i canali ufficiali dell&#8217;area Nuove Tecnologie. https:\/\/docs.google.com\/forms\/d\/e\/1FAIpQLSd2bgY5yXwKRcfZdIs2w5_iBZGFonFOzegen8KCUbz9yjGLCQ\/viewform<\/p>\n<\/div>\n","protected":false},"excerpt":{"rendered":"<p>1\u00b0 luglio 2025 L&#8217;iniziativa si terr\u00e0 mercoled\u00ec prossimo, 9 luglio, nella Plaza de Lajares e riunir\u00e0 team multidisciplinari, mentori e imprese locali attorno a sfide reali. Il Cabildo de Fuerteventura, [&hellip;]<\/p>\n","protected":false},"author":1,"featured_media":6611,"comment_status":"open","ping_status":"open","sticky":false,"template":"","format":"standard","meta":{"inline_featured_image":false,"jnews-multi-image_gallery":[],"jnews_single_post":[],"jnews_primary_category":[],"jnews_social_meta":[],"jnews_override_counter":[],"jnews_post_split":[],"footnotes":""},"categories":[289],"tags":[202,223],"class_list":["post-6615","post","type-post","status-publish","format-standard","has-post-thumbnail","hentry","category-cabildo-it","tag-comuni","tag-fuerteventura-it"],"jetpack_featured_media_url":"https:\/\/informacionlocal.es\/wp-content\/uploads\/2025\/07\/erer.jpeg","_links":{"self":[{"href":"https:\/\/informacionlocal.es\/it\/wp-json\/wp\/v2\/posts\/6615","targetHints":{"allow":["GET"]}}],"collection":[{"href":"https:\/\/informacionlocal.es\/it\/wp-json\/wp\/v2\/posts"}],"about":[{"href":"https:\/\/informacionlocal.es\/it\/wp-json\/wp\/v2\/types\/post"}],"author":[{"embeddable":true,"href":"https:\/\/informacionlocal.es\/it\/wp-json\/wp\/v2\/users\/1"}],"replies":[{"embeddable":true,"href":"https:\/\/informacionlocal.es\/it\/wp-json\/wp\/v2\/comments?post=6615"}],"version-history":[{"count":0,"href":"https:\/\/informacionlocal.es\/it\/wp-json\/wp\/v2\/posts\/6615\/revisions"}],"wp:featuredmedia":[{"embeddable":true,"href":"https:\/\/informacionlocal.es\/it\/wp-json\/wp\/v2\/media\/6611"}],"wp:attachment":[{"href":"https:\/\/informacionlocal.es\/it\/wp-json\/wp\/v2\/media?parent=6615"}],"wp:term":[{"taxonomy":"category","embeddable":true,"href":"https:\/\/informacionlocal.es\/it\/wp-json\/wp\/v2\/categories?post=6615"},{"taxonomy":"post_tag","embeddable":true,"href":"https:\/\/informacionlocal.es\/it\/wp-json\/wp\/v2\/tags?post=6615"}],"curies":[{"name":"wp","href":"https:\/\/api.w.org\/{rel}","templated":true}]}}