{"id":6592,"date":"2025-07-06T21:58:45","date_gmt":"2025-07-06T20:58:45","guid":{"rendered":"https:\/\/informacionlocal.es\/laccademia-di-basket-javi-beiran-arriva-per-la-prima-volta-a-fuerteventura\/"},"modified":"2025-07-06T21:58:45","modified_gmt":"2025-07-06T20:58:45","slug":"laccademia-di-basket-javi-beiran-arriva-per-la-prima-volta-a-fuerteventura","status":"publish","type":"post","link":"https:\/\/informacionlocal.es\/it\/laccademia-di-basket-javi-beiran-arriva-per-la-prima-volta-a-fuerteventura\/","title":{"rendered":"L&#8217;Accademia di basket Javi Beir\u00e1n arriva per la prima volta a Fuerteventura"},"content":{"rendered":"<div class=\"entry-content\"><strong>2 luglio 2025<\/strong><\/p>\n<p>L&#8217;Accademia di basket Javi Beir\u00e1n \u00e8 arrivata per la prima volta a Fuerteventura, grazie al sostegno del Dipartimento dello Sport del Cabildo de Fuerteventura e del Municipio di Tuineje. Si svolger\u00e0 dall&#8217;1 al 6 luglio, sia nelle strutture comunali che nel Playitas Resort. <\/p>\n<p>Questo campo \u00e8 incentrato sul miglioramento delle prestazioni di ragazzi e ragazze dai 13 ai 18 anni. \u00c8 appoggiato dal marchio Javier Beir\u00e1n con la partecipazione di tutti i club di basket di Fuerteventura. Saranno presenti anche allenatori e giocatori di alto livello per offrire seminari.  <\/p>\n<p>L&#8217;Accademia Javi Beir\u00e1n nasce sotto il sigillo della Marcha Deportiva e si costituisce con il fermo proposito di elevare il livello di professionalit\u00e0 nella pallacanestro, offrendo un progetto di qualit\u00e0 superiore. Per raggiungere questo obiettivo, disponiamo di una variet\u00e0 multidisciplinare di professionisti di alto livello in tutti i settori, che offrono una formazione di alto livello tecnico. <\/p>\n<p>Javi Beir\u00e1n, con quasi 20 anni di esperienza nella Lega ACB e campione del mondo con la nazionale spagnola, \u00e8 presente a Fuerteventura, con l&#8217;obiettivo di allenare, supervisionare il lavoro e consigliare i partecipanti, sempre all&#8217;insegna dei valori che hanno segnato la sua carriera e i suoi progetti sportivi: auto-miglioramento, rispetto, umilt\u00e0 e compagnia.<\/p>\n<p>Per Beir\u00e1n, &#8220;\u00e8 un orgoglio poter portare i valori della pallacanestro ai ragazzi e alle ragazze di Fuerteventura e far s\u00ec che la pallacanestro cresca a Fuerteventura, come sta gi\u00e0 facendo&#8221;.<\/p>\n<p>L&#8217;Assessore allo Sport, Luis Gonz\u00e1lez, ha sottolineato il valore di un evento che persegue due obiettivi: &#8220;Da un lato, portare a Fuerteventura una formazione sportiva di alto livello e, dall&#8217;altro, promuovere lo sport del basket nel comune di Tuineje&#8221;.<\/p>\n<p>L&#8217;Accademia si svolge presso l&#8217;Hotel Playitas Resort, situato nel comune di Tuineje, che dispone di strutture sportive di prim&#8217;ordine. Il secondo impianto \u00e8 il Padiglione Comunale di Gran Tarajal e il Padiglione IES Vig\u00e1n, con infrastrutture ideali per lo sviluppo del lavoro tecnico individualizzato, secondo l&#8217;Assessore allo Sport, Dulce Garc\u00eda. &#8220;Da parte del Comune di Tuineje siamo impegnati in queste iniziative affinch\u00e9 il municipio sia la culla della pallacanestro, come lo \u00e8 stato a suo tempo&#8221;.  <\/p>\n<p>Tutte le informazioni e le iscrizioni sono disponibili sul sito https:\/\/javibeiranacademy.com\/inscripcion.<\/p>\n<\/div>\n","protected":false},"excerpt":{"rendered":"<p>2 luglio 2025 L&#8217;Accademia di basket Javi Beir\u00e1n \u00e8 arrivata per la prima volta a Fuerteventura, grazie al sostegno del Dipartimento dello Sport del Cabildo de Fuerteventura e del Municipio [&hellip;]<\/p>\n","protected":false},"author":1,"featured_media":6587,"comment_status":"open","ping_status":"open","sticky":false,"template":"","format":"standard","meta":{"inline_featured_image":false,"jnews-multi-image_gallery":[],"jnews_single_post":[],"jnews_primary_category":[],"jnews_social_meta":[],"jnews_override_counter":[],"jnews_post_split":[],"footnotes":""},"categories":[289],"tags":[223],"class_list":["post-6592","post","type-post","status-publish","format-standard","has-post-thumbnail","hentry","category-cabildo-it","tag-fuerteventura-it"],"jetpack_featured_media_url":"https:\/\/informacionlocal.es\/wp-content\/uploads\/2025\/07\/www.jpeg","_links":{"self":[{"href":"https:\/\/informacionlocal.es\/it\/wp-json\/wp\/v2\/posts\/6592","targetHints":{"allow":["GET"]}}],"collection":[{"href":"https:\/\/informacionlocal.es\/it\/wp-json\/wp\/v2\/posts"}],"about":[{"href":"https:\/\/informacionlocal.es\/it\/wp-json\/wp\/v2\/types\/post"}],"author":[{"embeddable":true,"href":"https:\/\/informacionlocal.es\/it\/wp-json\/wp\/v2\/users\/1"}],"replies":[{"embeddable":true,"href":"https:\/\/informacionlocal.es\/it\/wp-json\/wp\/v2\/comments?post=6592"}],"version-history":[{"count":0,"href":"https:\/\/informacionlocal.es\/it\/wp-json\/wp\/v2\/posts\/6592\/revisions"}],"wp:featuredmedia":[{"embeddable":true,"href":"https:\/\/informacionlocal.es\/it\/wp-json\/wp\/v2\/media\/6587"}],"wp:attachment":[{"href":"https:\/\/informacionlocal.es\/it\/wp-json\/wp\/v2\/media?parent=6592"}],"wp:term":[{"taxonomy":"category","embeddable":true,"href":"https:\/\/informacionlocal.es\/it\/wp-json\/wp\/v2\/categories?post=6592"},{"taxonomy":"post_tag","embeddable":true,"href":"https:\/\/informacionlocal.es\/it\/wp-json\/wp\/v2\/tags?post=6592"}],"curies":[{"name":"wp","href":"https:\/\/api.w.org\/{rel}","templated":true}]}}