{"id":6578,"date":"2025-07-06T20:58:21","date_gmt":"2025-07-06T19:58:21","guid":{"rendered":"https:\/\/informacionlocal.es\/el-cotillo-si-prepara-a-celebrare-il-festival-fuerteventura-en-musica-fem-2025\/"},"modified":"2025-07-06T20:58:21","modified_gmt":"2025-07-06T19:58:21","slug":"el-cotillo-si-prepara-a-celebrare-il-festival-fuerteventura-en-musica-fem-2025","status":"publish","type":"post","link":"https:\/\/informacionlocal.es\/it\/el-cotillo-si-prepara-a-celebrare-il-festival-fuerteventura-en-musica-fem-2025\/","title":{"rendered":"El Cotillo si prepara a celebrare il festival Fuerteventura en M\u00fasica (FEM) 2025."},"content":{"rendered":"<div class=\"entry-content\"><strong>2 luglio 2025<\/strong><\/p>\n<p><em><strong>Il Cabildo de Fuerteventura e il Municipio di La Oliva ultimano l&#8217;assemblaggio del palco dove dieci artisti si esibiranno durante il fine settimana.<\/strong><\/em><\/p>\n<p><em><strong>Il WEF disporr\u00e0 di una piattaforma rialzata e di un parcheggio per le persone PRM, previa richiesta via mail: <\/strong><\/em><em><strong>cultura@cabildofuer.es<\/strong><\/em><\/p>\n<p>La spiaggia di La Concha a El Cotillo si sta preparando a ospitare l&#8217;edizione 2025 del festival Fuerteventura en M\u00fasica (FEM) il 4 e 5 luglio. Il Cabildo di Fuerteventura e il Municipio di La Oliva stanno ultimando i preparativi e allestendo il palco su cui si esibiranno una dozzina di artisti internazionali, nazionali e locali. I concerti inizieranno in entrambi i giorni alle ore 20.00.  <\/p>\n<p>Come nelle precedenti edizioni, la FEM avr\u00e0 un palco rialzato e un&#8217;area di parcheggio ad uso esclusivo delle persone a mobilit\u00e0 ridotta (PRM), con l&#8217;obiettivo di rendere il festival uno spazio pi\u00f9 inclusivo, come parte dell&#8217;impegno dell&#8217;Island Corporation per l&#8217;accessibilit\u00e0. Per richiedere l&#8217;accesso a queste aree, gli interessati devono scrivere al seguente indirizzo e-mail: cultura@cabildofuer.es <\/p>\n<p>Il FEM torna quest&#8217;anno con una formazione eclettica e internazionale. Venerd\u00ec 4 luglio si esibiranno Rabiche (20:00), Natalia Doco (21:10), G-5: Kiko Veneno, Muchachito, El Canijo de Jerez, Diego Rat\u00f3n e Tomasito (22:40), Calle Mambo (00:40) e Lehmanns Brothers (02:20). <\/p>\n<p>Sabato 5 luglio sar\u00e0 la volta di David El Majorero-Contraventura (ore 20), Roy Paci &amp; Aretuska (ore 21.20), Queen Omega &amp; The Royals Souls (ore 23), Baiuca (ore 24) e Kraak &amp; Smaak (ore 2.30).<\/p>\n<p>Entrambe le serate saranno inoltre allietate dal dj Carballeira di Tenerife, con oltre 30 anni di esperienza nella scena culturale delle Isole Canarie.<\/p>\n<p>Ci sar\u00e0 anche un ampio programma diurno in collaborazione con Cotillo Joven. Tutte le informazioni sono disponibili su culturafuerteventura.es o sui social network Fuerteventura en M\u00fasica (Facebook) e fuerteventuraenmusica (Instagram). <\/p>\n<\/div>\n","protected":false},"excerpt":{"rendered":"<p>2 luglio 2025 Il Cabildo de Fuerteventura e il Municipio di La Oliva ultimano l&#8217;assemblaggio del palco dove dieci artisti si esibiranno durante il fine settimana. Il WEF disporr\u00e0 di [&hellip;]<\/p>\n","protected":false},"author":1,"featured_media":6575,"comment_status":"open","ping_status":"open","sticky":false,"template":"","format":"standard","meta":{"inline_featured_image":false,"jnews-multi-image_gallery":[],"jnews_single_post":[],"jnews_primary_category":[],"jnews_social_meta":[],"jnews_override_counter":[],"jnews_post_split":[],"footnotes":""},"categories":[289],"tags":[223],"class_list":["post-6578","post","type-post","status-publish","format-standard","has-post-thumbnail","hentry","category-cabildo-it","tag-fuerteventura-it"],"jetpack_featured_media_url":"https:\/\/informacionlocal.es\/wp-content\/uploads\/2025\/07\/wwwss.jpeg","_links":{"self":[{"href":"https:\/\/informacionlocal.es\/it\/wp-json\/wp\/v2\/posts\/6578","targetHints":{"allow":["GET"]}}],"collection":[{"href":"https:\/\/informacionlocal.es\/it\/wp-json\/wp\/v2\/posts"}],"about":[{"href":"https:\/\/informacionlocal.es\/it\/wp-json\/wp\/v2\/types\/post"}],"author":[{"embeddable":true,"href":"https:\/\/informacionlocal.es\/it\/wp-json\/wp\/v2\/users\/1"}],"replies":[{"embeddable":true,"href":"https:\/\/informacionlocal.es\/it\/wp-json\/wp\/v2\/comments?post=6578"}],"version-history":[{"count":0,"href":"https:\/\/informacionlocal.es\/it\/wp-json\/wp\/v2\/posts\/6578\/revisions"}],"wp:featuredmedia":[{"embeddable":true,"href":"https:\/\/informacionlocal.es\/it\/wp-json\/wp\/v2\/media\/6575"}],"wp:attachment":[{"href":"https:\/\/informacionlocal.es\/it\/wp-json\/wp\/v2\/media?parent=6578"}],"wp:term":[{"taxonomy":"category","embeddable":true,"href":"https:\/\/informacionlocal.es\/it\/wp-json\/wp\/v2\/categories?post=6578"},{"taxonomy":"post_tag","embeddable":true,"href":"https:\/\/informacionlocal.es\/it\/wp-json\/wp\/v2\/tags?post=6578"}],"curies":[{"name":"wp","href":"https:\/\/api.w.org\/{rel}","templated":true}]}}