{"id":6567,"date":"2025-07-06T20:09:48","date_gmt":"2025-07-06T19:09:48","guid":{"rendered":"https:\/\/informacionlocal.es\/pubblicazione-dellordinanza-di-chiusura-della-stagione-di-caccia-che-stabilisce-i-periodi-e-le-condizioni-di-caccia-nelle-canarie\/"},"modified":"2025-07-06T20:09:48","modified_gmt":"2025-07-06T19:09:48","slug":"pubblicazione-dellordinanza-di-chiusura-della-stagione-di-caccia-che-stabilisce-i-periodi-e-le-condizioni-di-caccia-nelle-canarie","status":"publish","type":"post","link":"https:\/\/informacionlocal.es\/it\/pubblicazione-dellordinanza-di-chiusura-della-stagione-di-caccia-che-stabilisce-i-periodi-e-le-condizioni-di-caccia-nelle-canarie\/","title":{"rendered":"Pubblicazione dell&#8217;ordinanza di chiusura della stagione di caccia che stabilisce i periodi e le condizioni di caccia nelle Canarie"},"content":{"rendered":"<div class=\"entry-content\"><strong>2 luglio 2025<\/strong><\/p>\n<p><em><strong>Le stagioni di caccia, le condizioni, i mezzi e le limitazioni per l&#8217;esercizio della caccia alla piccola selvaggina possono essere consultati nel Bollettino ufficiale delle Isole Canarie.<\/strong><\/em><\/p>\n<p>L&#8217;ordinanza che stabilisce i periodi di caccia per la stagione 2025 \u00e8 gi\u00e0 stata pubblicata nella Gazzetta Ufficiale delle Isole Canarie dal Governo delle Isole Canarie. Un&#8217;ordinanza che stabilisce anche le condizioni, i mezzi e le limitazioni per il suo esercizio nella comunit\u00e0 autonoma delle Isole Canarie, e che pu\u00f2 essere consultata nel Bollettino Ufficiale delle Isole Canarie di luned\u00ec 30 giugno 2025. <\/p>\n<p>A Fuerteventura, i periodi e i giorni lavorativi per specie e modalit\u00e0 sono determinati come segue:<\/p>\n<p>La caccia senza fucile e senza trappola si svolger\u00e0 il gioved\u00ec e la domenica dal 6 luglio al 25 settembre (24 giorni), con un massimo di due puntatori per la pernice rossa e il colombaccio.<\/p>\n<p>Per la caccia con cattura di conigli solo con il cane, le domeniche sono stabilite dal 31 agosto al 21 settembre (4 giorni). Nel caso di caccia con cattura di conigli con cane e furetto, le domeniche sono stabilite dal 28 settembre al 26 ottobre (5 giorni). Il limite \u00e8 di due capi per cacciatore al giorno e un massimo di quattro cani. In nessun caso sono ammesse le squadre.   <\/p>\n<p>Da parte sua, la caccia con fucile alla pernice e al piccione selvatico con cane da punta e fucile o arco si svolger\u00e0 nelle domeniche dal 28 settembre al 26 ottobre (5 giorni). Il limite \u00e8 di due capi per cacciatore al giorno e un massimo di quattro cani. In nessun caso saranno ammesse squadre.  <\/p>\n<p>Le stagioni di caccia, le condizioni, i mezzi e le limitazioni per l&#8217;esercizio della caccia alla piccola selvaggina sono obbligatori e possono essere consultati all&#8217;indirizzo: https:\/\/www.gobiernodecanarias.org\/boc\/2025\/128\/2400.html.<\/p>\n<p>Vengono specificati il numero di selvaggina cacciabile, i divieti e le limitazioni in alcune aree pubbliche.<\/p>\n<\/div>\n","protected":false},"excerpt":{"rendered":"<p>2 luglio 2025 Le stagioni di caccia, le condizioni, i mezzi e le limitazioni per l&#8217;esercizio della caccia alla piccola selvaggina possono essere consultati nel Bollettino ufficiale delle Isole Canarie. [&hellip;]<\/p>\n","protected":false},"author":1,"featured_media":6563,"comment_status":"open","ping_status":"open","sticky":false,"template":"","format":"standard","meta":{"inline_featured_image":false,"jnews-multi-image_gallery":[],"jnews_single_post":[],"jnews_primary_category":[],"jnews_social_meta":[],"jnews_override_counter":[],"jnews_post_split":[],"footnotes":""},"categories":[289],"tags":[223],"class_list":["post-6567","post","type-post","status-publish","format-standard","has-post-thumbnail","hentry","category-cabildo-it","tag-fuerteventura-it"],"jetpack_featured_media_url":"https:\/\/informacionlocal.es\/wp-content\/uploads\/2025\/07\/perro-caza.jpeg","_links":{"self":[{"href":"https:\/\/informacionlocal.es\/it\/wp-json\/wp\/v2\/posts\/6567","targetHints":{"allow":["GET"]}}],"collection":[{"href":"https:\/\/informacionlocal.es\/it\/wp-json\/wp\/v2\/posts"}],"about":[{"href":"https:\/\/informacionlocal.es\/it\/wp-json\/wp\/v2\/types\/post"}],"author":[{"embeddable":true,"href":"https:\/\/informacionlocal.es\/it\/wp-json\/wp\/v2\/users\/1"}],"replies":[{"embeddable":true,"href":"https:\/\/informacionlocal.es\/it\/wp-json\/wp\/v2\/comments?post=6567"}],"version-history":[{"count":0,"href":"https:\/\/informacionlocal.es\/it\/wp-json\/wp\/v2\/posts\/6567\/revisions"}],"wp:featuredmedia":[{"embeddable":true,"href":"https:\/\/informacionlocal.es\/it\/wp-json\/wp\/v2\/media\/6563"}],"wp:attachment":[{"href":"https:\/\/informacionlocal.es\/it\/wp-json\/wp\/v2\/media?parent=6567"}],"wp:term":[{"taxonomy":"category","embeddable":true,"href":"https:\/\/informacionlocal.es\/it\/wp-json\/wp\/v2\/categories?post=6567"},{"taxonomy":"post_tag","embeddable":true,"href":"https:\/\/informacionlocal.es\/it\/wp-json\/wp\/v2\/tags?post=6567"}],"curies":[{"name":"wp","href":"https:\/\/api.w.org\/{rel}","templated":true}]}}