{"id":6553,"date":"2025-07-06T18:58:54","date_gmt":"2025-07-06T17:58:54","guid":{"rendered":"https:\/\/informacionlocal.es\/fuerteventura-bella-per-natura-si-unisce-ai-preparativi-per-il-wef-2025\/"},"modified":"2025-07-06T18:58:54","modified_gmt":"2025-07-06T17:58:54","slug":"fuerteventura-bella-per-natura-si-unisce-ai-preparativi-per-il-wef-2025","status":"publish","type":"post","link":"https:\/\/informacionlocal.es\/it\/fuerteventura-bella-per-natura-si-unisce-ai-preparativi-per-il-wef-2025\/","title":{"rendered":"Fuerteventura, bella per natura&#8221; si unisce ai preparativi per il WEF 2025"},"content":{"rendered":"<div class=\"entry-content\"><strong>2 luglio 2025<\/strong><\/p>\n<p><strong>Le squadre effettuano lavori di pulizia a El Cotillo per accogliere migliaia di visitatori nelle migliori condizioni possibili.<\/strong><\/p>\n<p>Questo fine settimana, El Cotillo accoglier\u00e0 migliaia di persone che parteciperanno al festival Fuerteventura En M\u00fasica (FEM 2025), uno degli eventi pi\u00f9 attesi dell&#8217;isola organizzato dal Cabildo di Fuerteventura, attraverso il Dipartimento di Cultura, con la collaborazione e, in questa edizione, il cofinanziamento del Municipio di La Oliva, nonch\u00e9 la cooperazione delle diverse aree della Corporazione dell&#8217;isola.<\/p>\n<p>Consapevole della sua importanza, il Servizio Lavori e Macchine del Cabildo si \u00e8 unito alle azioni preparatorie in collaborazione con altri servizi del Cabildo e del Comune di La Oliva.<\/p>\n<p>In questo senso, gli equipaggi di &#8220;Fuerteventura, bella per natura&#8221; stanno lavorando alla pulizia e al condizionamento dell&#8217;area, soprattutto intorno alla spiaggia di La Concha, dove si trova il palco principale.<\/p>\n<p>La presidente del Cabildo di Fuerteventura, Lola Garc\u00eda, ha sottolineato il coordinamento tra le diverse aree del Cabildo e del Municipio per mantenere l&#8217;ambiente in perfette condizioni, &#8220;perch\u00e9 ci \u00e8 chiaro che l&#8217;uso e il godimento dello spazio devono essere sempre in costante equilibrio con il rispetto dell&#8217;ambiente e senza lasciare traccia&#8221;.<\/p>\n<p>&#8220;\u00c8 importante prendersi cura del nostro ambiente naturale e dei nostri paesaggi emblematici, e allo stesso tempo abbiamo la responsabilit\u00e0 di rendere il loro godimento compatibile con attivit\u00e0 arricchenti come la FEM&#8221;, afferma il vicepresidente e assessore ai Lavori e alle Macchine, Blas Acosta.<\/p>\n<p>Per questo motivo, oltre alla logistica di un festival musicale, il Cabildo di Fuerteventura incorpora altre azioni come quelle svolte in questi giorni dagli equipaggi per mantenere l&#8217;integrit\u00e0 dell&#8217;ambiente e garantire il suo godimento nelle migliori condizioni.<\/p>\n<\/div>\n","protected":false},"excerpt":{"rendered":"<p>2 luglio 2025 Le squadre effettuano lavori di pulizia a El Cotillo per accogliere migliaia di visitatori nelle migliori condizioni possibili. Questo fine settimana, El Cotillo accoglier\u00e0 migliaia di persone [&hellip;]<\/p>\n","protected":false},"author":1,"featured_media":6551,"comment_status":"open","ping_status":"open","sticky":false,"template":"","format":"standard","meta":{"inline_featured_image":false,"jnews-multi-image_gallery":[],"jnews_single_post":[],"jnews_primary_category":[],"jnews_social_meta":[],"jnews_override_counter":[],"jnews_post_split":[],"footnotes":""},"categories":[289],"tags":[308,223],"class_list":["post-6553","post","type-post","status-publish","format-standard","has-post-thumbnail","hentry","category-cabildo-it","tag-eventos-it","tag-fuerteventura-it"],"jetpack_featured_media_url":"https:\/\/informacionlocal.es\/wp-content\/uploads\/2025\/07\/eee.jpeg","_links":{"self":[{"href":"https:\/\/informacionlocal.es\/it\/wp-json\/wp\/v2\/posts\/6553","targetHints":{"allow":["GET"]}}],"collection":[{"href":"https:\/\/informacionlocal.es\/it\/wp-json\/wp\/v2\/posts"}],"about":[{"href":"https:\/\/informacionlocal.es\/it\/wp-json\/wp\/v2\/types\/post"}],"author":[{"embeddable":true,"href":"https:\/\/informacionlocal.es\/it\/wp-json\/wp\/v2\/users\/1"}],"replies":[{"embeddable":true,"href":"https:\/\/informacionlocal.es\/it\/wp-json\/wp\/v2\/comments?post=6553"}],"version-history":[{"count":0,"href":"https:\/\/informacionlocal.es\/it\/wp-json\/wp\/v2\/posts\/6553\/revisions"}],"wp:featuredmedia":[{"embeddable":true,"href":"https:\/\/informacionlocal.es\/it\/wp-json\/wp\/v2\/media\/6551"}],"wp:attachment":[{"href":"https:\/\/informacionlocal.es\/it\/wp-json\/wp\/v2\/media?parent=6553"}],"wp:term":[{"taxonomy":"category","embeddable":true,"href":"https:\/\/informacionlocal.es\/it\/wp-json\/wp\/v2\/categories?post=6553"},{"taxonomy":"post_tag","embeddable":true,"href":"https:\/\/informacionlocal.es\/it\/wp-json\/wp\/v2\/tags?post=6553"}],"curies":[{"name":"wp","href":"https:\/\/api.w.org\/{rel}","templated":true}]}}