{"id":6541,"date":"2025-07-06T17:58:59","date_gmt":"2025-07-06T16:58:59","guid":{"rendered":"https:\/\/informacionlocal.es\/la-serie-predator-riconosciuta-a-livello-internazionale-e-ambasciatrice-di-fuerteventura-al-notodofilmfest\/"},"modified":"2025-07-06T17:58:59","modified_gmt":"2025-07-06T16:58:59","slug":"la-serie-predator-riconosciuta-a-livello-internazionale-e-ambasciatrice-di-fuerteventura-al-notodofilmfest","status":"publish","type":"post","link":"https:\/\/informacionlocal.es\/it\/la-serie-predator-riconosciuta-a-livello-internazionale-e-ambasciatrice-di-fuerteventura-al-notodofilmfest\/","title":{"rendered":"La serie &#8220;Predator&#8221;, riconosciuta a livello internazionale, \u00e8 ambasciatrice di Fuerteventura al Notodofilmfest"},"content":{"rendered":"<div class=\"entry-content\"><strong>3 luglio 2025<\/strong><\/p>\n<p><em><strong>La serie \u00e8 stata girata sull&#8217;isola dal regista Javier Fesser e ha ricevuto una dozzina di premi in festival nazionali e internazionali.<\/strong><\/em><\/p>\n<p>La serie <em>Depredador<\/em>, girata a Fuerteventura, \u00e8 stata riconosciuta a livello internazionale attraverso diversi premi e la partecipazione a una moltitudine di festival. Un&#8217;opera che \u00e8 stata girata dal regista Javier Fesser, come ambasciatore del &#8220;Fuerteventura Plat\u00f3 de Cine Natural Award&#8221; nell&#8217;ambito del festival di cortometraggi internet Notodofilmfest 2024. <\/p>\n<p>Finora <em>Depredador <\/em>ha partecipato a un totale di 79 festival in Spagna, Lussemburgo, Italia, Croazia, Francia, Polonia, Bulgaria, Cipro, Marocco, Stati Uniti, Panama, Grecia, Regno Unito e Colombia.<\/p>\n<p>Grazie alla sua carriera festivaliera, ha vinto una dozzina di premi, tra cui quello per il miglior cortometraggio ai festival Getafe en Corto, Festival de Cine de Sig\u00fcenza, Festival Atl\u00e1ntico de G\u00e9nero Negro Tenerife Noir, Festival de Cine Fant\u00e1stico Fanta Elx e Festival Algeciras Fant\u00e1stika. Ha inoltre vinto i premi per il miglior montaggio, effetti sonori e trucco al festival Ra\u00edces de Europa e per la miglior sceneggiatura al Getafe en Corto. L&#8217;attore Pepe Jornada ha ricevuto anche il premio come miglior attore non protagonista.  <\/p>\n<p><strong>Predatore<\/strong><\/p>\n<p>La Fuerteventura Film Commission, diretta da Nereida Calero, e il festival Notodofilmfest hanno unito le forze ancora una volta per la terza edizione del &#8220;Fuerteventura Plat\u00f3 de Cine Natural Award&#8221;. Si tratta di una categoria del festival che presenta l&#8217;isola di Fuerteventura come un set cinematografico unico, con l&#8217;obiettivo di incoraggiare i registi a utilizzare i paesaggi di Fuerteventura per girare i loro cortometraggi. In questa edizione, il premio \u00e8 stato sponsorizzato dal regista e sceneggiatore Javier Fesser, che ha lanciato in esclusiva <em>Depredador<\/em>, la sua prima &#8216;notodoserie&#8217; per il Notodofilmfest.  <\/p>\n<p>La serie \u00e8 stata girata nell&#8217;agosto 2024 nel comune di La Oliva. In tre episodi, racconta la storia di Vilma e Cris, due amici che, nel bel mezzo di un viaggio attraverso terre desolate, incontrano l&#8217;inaspettato. <\/p>\n<p>Il cast \u00e8 guidato da Athenea Mata, Claudia Fesser, Maggie Balance, Pepe Jordana ed Elisa D\u00edaz, che danno vita ai personaggi di questa nuova produzione Pel\u00edculas Pendelton.<\/p>\n<p>Tutti e tre i capitoli di Predator sono disponibili per essere gustati integralmente attraverso il canale YouTube del Notodofilmfest: (https:\/\/www.youtube.com\/watch?v=leCyjAA6g5o&amp;list=PLtP_MR481DCBYvdpsDQkBiHJZOI_L_00I&amp;index=2).<\/p>\n<\/div>\n","protected":false},"excerpt":{"rendered":"<p>3 luglio 2025 La serie \u00e8 stata girata sull&#8217;isola dal regista Javier Fesser e ha ricevuto una dozzina di premi in festival nazionali e internazionali. La serie Depredador, girata a [&hellip;]<\/p>\n","protected":false},"author":1,"featured_media":6539,"comment_status":"open","ping_status":"open","sticky":false,"template":"","format":"standard","meta":{"inline_featured_image":false,"jnews-multi-image_gallery":[],"jnews_single_post":[],"jnews_primary_category":[],"jnews_social_meta":[],"jnews_override_counter":[],"jnews_post_split":[],"footnotes":""},"categories":[289],"tags":[223],"class_list":["post-6541","post","type-post","status-publish","format-standard","has-post-thumbnail","hentry","category-cabildo-it","tag-fuerteventura-it"],"jetpack_featured_media_url":"https:\/\/informacionlocal.es\/wp-content\/uploads\/2025\/07\/sw.jpeg","_links":{"self":[{"href":"https:\/\/informacionlocal.es\/it\/wp-json\/wp\/v2\/posts\/6541","targetHints":{"allow":["GET"]}}],"collection":[{"href":"https:\/\/informacionlocal.es\/it\/wp-json\/wp\/v2\/posts"}],"about":[{"href":"https:\/\/informacionlocal.es\/it\/wp-json\/wp\/v2\/types\/post"}],"author":[{"embeddable":true,"href":"https:\/\/informacionlocal.es\/it\/wp-json\/wp\/v2\/users\/1"}],"replies":[{"embeddable":true,"href":"https:\/\/informacionlocal.es\/it\/wp-json\/wp\/v2\/comments?post=6541"}],"version-history":[{"count":0,"href":"https:\/\/informacionlocal.es\/it\/wp-json\/wp\/v2\/posts\/6541\/revisions"}],"wp:featuredmedia":[{"embeddable":true,"href":"https:\/\/informacionlocal.es\/it\/wp-json\/wp\/v2\/media\/6539"}],"wp:attachment":[{"href":"https:\/\/informacionlocal.es\/it\/wp-json\/wp\/v2\/media?parent=6541"}],"wp:term":[{"taxonomy":"category","embeddable":true,"href":"https:\/\/informacionlocal.es\/it\/wp-json\/wp\/v2\/categories?post=6541"},{"taxonomy":"post_tag","embeddable":true,"href":"https:\/\/informacionlocal.es\/it\/wp-json\/wp\/v2\/tags?post=6541"}],"curies":[{"name":"wp","href":"https:\/\/api.w.org\/{rel}","templated":true}]}}