{"id":6530,"date":"2025-07-06T17:00:17","date_gmt":"2025-07-06T16:00:17","guid":{"rendered":"https:\/\/informacionlocal.es\/inizio-dei-campi-digitali-del-cabildo-per-rafforzare-le-competenze-tecnologiche-dei-giovani\/"},"modified":"2025-07-06T17:00:17","modified_gmt":"2025-07-06T16:00:17","slug":"inizio-dei-campi-digitali-del-cabildo-per-rafforzare-le-competenze-tecnologiche-dei-giovani","status":"publish","type":"post","link":"https:\/\/informacionlocal.es\/it\/inizio-dei-campi-digitali-del-cabildo-per-rafforzare-le-competenze-tecnologiche-dei-giovani\/","title":{"rendered":"Inizio dei Campi Digitali del Cabildo per rafforzare le competenze tecnologiche dei giovani"},"content":{"rendered":"<div class=\"entry-content\"><strong>4 luglio 2025<\/strong><\/p>\n<p>Il Cabildo de Fuerteventura, attraverso i Dipartimenti dell&#8217;Educazione e della Giovent\u00f9, cos\u00ec come il Dipartimento della Cultura, ha lanciato i Campi Digitali. Un programma gratuito di attivit\u00e0 extrascolastiche per 75 ragazze, ragazzi e adolescenti di et\u00e0 compresa tra i 9 e i 17 anni, con l&#8217;obiettivo di favorire le competenze digitali dei giovani e promuovere un uso responsabile della tecnologia. L&#8217;iniziativa rientra nell&#8217;accordo di collaborazione firmato con la Fundaci\u00f3n Cibervoluntarios.  <\/p>\n<p>I campi sono iniziati questa settimana presso il Centro Insular de Juventud (Puerto del Rosario) e la biblioteca di Gran Tarajal. Secondo l&#8217;assessore all&#8217;Educazione e alla Giovent\u00f9, Adargoma Hern\u00e1ndez, i partecipanti riceveranno una formazione pratica sulle competenze digitali, in particolare sulla navigazione sicura in Internet, sulla protezione della privacy, sulla ricerca efficace di informazioni, sulla creazione di contenuti digitali e sull&#8217;uso responsabile dei social network. <\/p>\n<p>L&#8217;Assessore alla Cultura, Rayco Le\u00f3n, sottolinea il valore di un&#8217;iniziativa che \u00e8 fondamentale per i giovani per potersi destreggiare nell&#8217;ambiente digitale in modo sicuro, coniugando apprendimento e strumenti utili per il presente e il futuro delle nuove generazioni.<\/p>\n<p>La Fundaci\u00f3n Cibervoluntarios \u00e8 un&#8217;organizzazione senza scopo di lucro, pioniera nel volontariato tecnologico, che lavora per facilitare l&#8217;accesso paritario alla tecnologia e promuovere la trasformazione digitale con un approccio etico e inclusivo, in linea con gli Obiettivi di sviluppo sostenibile dell&#8217;Agenda 2030.<\/p>\n<\/div>\n","protected":false},"excerpt":{"rendered":"<p>4 luglio 2025 Il Cabildo de Fuerteventura, attraverso i Dipartimenti dell&#8217;Educazione e della Giovent\u00f9, cos\u00ec come il Dipartimento della Cultura, ha lanciato i Campi Digitali. Un programma gratuito di attivit\u00e0 [&hellip;]<\/p>\n","protected":false},"author":1,"featured_media":6527,"comment_status":"open","ping_status":"open","sticky":false,"template":"","format":"standard","meta":{"inline_featured_image":false,"jnews-multi-image_gallery":[],"jnews_single_post":[],"jnews_primary_category":[],"jnews_social_meta":[],"jnews_override_counter":[],"jnews_post_split":[],"footnotes":""},"categories":[289],"tags":[309,223],"class_list":["post-6530","post","type-post","status-publish","format-standard","has-post-thumbnail","hentry","category-cabildo-it","tag-educacion-it","tag-fuerteventura-it"],"jetpack_featured_media_url":"https:\/\/informacionlocal.es\/wp-content\/uploads\/2025\/07\/ddd.jpeg","_links":{"self":[{"href":"https:\/\/informacionlocal.es\/it\/wp-json\/wp\/v2\/posts\/6530","targetHints":{"allow":["GET"]}}],"collection":[{"href":"https:\/\/informacionlocal.es\/it\/wp-json\/wp\/v2\/posts"}],"about":[{"href":"https:\/\/informacionlocal.es\/it\/wp-json\/wp\/v2\/types\/post"}],"author":[{"embeddable":true,"href":"https:\/\/informacionlocal.es\/it\/wp-json\/wp\/v2\/users\/1"}],"replies":[{"embeddable":true,"href":"https:\/\/informacionlocal.es\/it\/wp-json\/wp\/v2\/comments?post=6530"}],"version-history":[{"count":0,"href":"https:\/\/informacionlocal.es\/it\/wp-json\/wp\/v2\/posts\/6530\/revisions"}],"wp:featuredmedia":[{"embeddable":true,"href":"https:\/\/informacionlocal.es\/it\/wp-json\/wp\/v2\/media\/6527"}],"wp:attachment":[{"href":"https:\/\/informacionlocal.es\/it\/wp-json\/wp\/v2\/media?parent=6530"}],"wp:term":[{"taxonomy":"category","embeddable":true,"href":"https:\/\/informacionlocal.es\/it\/wp-json\/wp\/v2\/categories?post=6530"},{"taxonomy":"post_tag","embeddable":true,"href":"https:\/\/informacionlocal.es\/it\/wp-json\/wp\/v2\/tags?post=6530"}],"curies":[{"name":"wp","href":"https:\/\/api.w.org\/{rel}","templated":true}]}}