{"id":6506,"date":"2025-07-06T15:00:47","date_gmt":"2025-07-06T14:00:47","guid":{"rendered":"https:\/\/informacionlocal.es\/la-19a-edizione-del-festival-fuerteventura-en-musica-prende-il-via-questo-fine-settimana-a-cotillo\/"},"modified":"2025-07-06T15:00:47","modified_gmt":"2025-07-06T14:00:47","slug":"la-19a-edizione-del-festival-fuerteventura-en-musica-prende-il-via-questo-fine-settimana-a-cotillo","status":"publish","type":"post","link":"https:\/\/informacionlocal.es\/it\/la-19a-edizione-del-festival-fuerteventura-en-musica-prende-il-via-questo-fine-settimana-a-cotillo\/","title":{"rendered":"La 19\u00aa edizione del festival Fuerteventura en Musica prende il via questo fine settimana a Cotillo"},"content":{"rendered":"<div class=\"entry-content\"><strong>4 luglio 2025<\/strong><\/p>\n<p>Questo fine settimana, la spiaggia Playa de la Concha di El Cotillo ospiter\u00e0 la 19\u00aa edizione del Festival Fuerteventura en M\u00fasica (FEM), che si terr\u00e0 il 4 e 5 luglio. Tutto \u00e8 pronto per ospitare le esibizioni di una dozzina di artisti internazionali, nazionali e locali. I concerti inizieranno alle 20.00 e saranno presentati dalla giornalista Elisabeth Charlotte, la cui freschezza e autenticit\u00e0 la rendono il cerimoniere ideale per questa nuova edizione.  <\/p>\n<p>Questa mattina, la presidente del Cabildo, Lola Garc\u00eda, ha dichiarato che &#8220;la FEM \u00e8 uno degli eventi pi\u00f9 attesi dell&#8217;agenda culturale dell&#8217;isola, che \u00e8 profondamente radicata nell&#8217;isola e vuole essere un punto d&#8217;incontro tra culture diverse e una vetrina per i nostri artisti locali, contribuendo allo stesso tempo a dare impulso all&#8217;economia locale&#8221;.<\/p>\n<p>Garc\u00eda ha ringraziato il coordinamento con il Comune di La Oliva, &#8220;affinch\u00e9 la popolazione possa godere della musica e dell&#8217;ambiente circostante con totale garanzia e attenzione per l&#8217;ambiente&#8221;. Da parte sua, il sindaco di La Oliva, Isa\u00ed Blanco, ha invitato il pubblico a partecipare a un festival che fa di El Cotillo &#8220;l&#8217;epicentro artistico di tutte le Isole Canarie e che \u00e8 giunto alla sua 19\u00aa edizione, contribuendo alla rivitalizzazione del comune e di tutta Fuerteventura&#8221;. <\/p>\n<p>Durante la visita al palco della FEM, erano presenti anche l&#8217;assessore alla Cultura, Rayco Le\u00f3n, l&#8217;assessore alla Cultura, David Hern\u00e1ndez, il direttore artistico della FEM, Mario Alonso, e la presentatrice dell&#8217;edizione di quest&#8217;anno, Elisabeth Charlotte.<\/p>\n<p>Gli artisti Natalia Doco (Argentina) e i membri del G5: Kiko Veneno, Muchachito, El Canijo de Jerez e Diego Rat\u00f3n, e Tomasito, che hanno incoraggiato il pubblico a partecipare a questa edizione di FEM 2025.<\/p>\n<p><strong>WEF 2025<\/strong><\/p>\n<p>Venerd\u00ec 4 luglio si esibiranno Rabiche (ore 20.00), Natalia Doco (ore 21.10), G-5: Kiko Veneno, Muchachito, El Canijo de Jerez e Diego Rat\u00f3n (Los Delinquentes) e Tomasito (ore 22.40), Calle Mambo (mezzanotte) e Lehmanns Brothers (ore 2.20).<\/p>\n<p>Sabato 5 luglio sar\u00e0 la volta di David El Majorero-Contraventura (ore 20), Roy Paci &amp; Aretuska (ore 21.20), Queen Omega &amp; The Royals Souls (ore 23), Baiuca (ore 24) e Kraak &amp; Smaak (ore 2.30).<\/p>\n<p>Durante la giornata verr\u00e0 offerto un programma di attivit\u00e0 culturali a complemento del festival, rivitalizzando il centro storico e urbano di El Cotillo, insieme all&#8217;Associazione Cotillo Joven. Luzma Nieves, in rappresentanza dell&#8217;associazione, e Sergio dell&#8217;Orchestra Informale hanno invitato tutti a godere di questo programma giornaliero.   <\/p>\n<p>Il Cabildo di Fuerteventura ha anche istituito un servizio di autobus speciale: https:\/\/www.cabildofuer.es\/cabildo\/el-cabildo-establece-un-servicio-especial-de-guaguas-con-motivo-del-fem-2025\/<\/p>\n<\/div>\n","protected":false},"excerpt":{"rendered":"<p>4 luglio 2025 Questo fine settimana, la spiaggia Playa de la Concha di El Cotillo ospiter\u00e0 la 19\u00aa edizione del Festival Fuerteventura en M\u00fasica (FEM), che si terr\u00e0 il 4 [&hellip;]<\/p>\n","protected":false},"author":1,"featured_media":6503,"comment_status":"open","ping_status":"open","sticky":false,"template":"","format":"standard","meta":{"inline_featured_image":false,"jnews-multi-image_gallery":[],"jnews_single_post":[],"jnews_primary_category":[],"jnews_social_meta":[],"jnews_override_counter":[],"jnews_post_split":[],"footnotes":""},"categories":[289],"tags":[223],"class_list":["post-6506","post","type-post","status-publish","format-standard","has-post-thumbnail","hentry","category-cabildo-it","tag-fuerteventura-it"],"jetpack_featured_media_url":"https:\/\/informacionlocal.es\/wp-content\/uploads\/2025\/07\/eeee-1.jpeg","_links":{"self":[{"href":"https:\/\/informacionlocal.es\/it\/wp-json\/wp\/v2\/posts\/6506","targetHints":{"allow":["GET"]}}],"collection":[{"href":"https:\/\/informacionlocal.es\/it\/wp-json\/wp\/v2\/posts"}],"about":[{"href":"https:\/\/informacionlocal.es\/it\/wp-json\/wp\/v2\/types\/post"}],"author":[{"embeddable":true,"href":"https:\/\/informacionlocal.es\/it\/wp-json\/wp\/v2\/users\/1"}],"replies":[{"embeddable":true,"href":"https:\/\/informacionlocal.es\/it\/wp-json\/wp\/v2\/comments?post=6506"}],"version-history":[{"count":0,"href":"https:\/\/informacionlocal.es\/it\/wp-json\/wp\/v2\/posts\/6506\/revisions"}],"wp:featuredmedia":[{"embeddable":true,"href":"https:\/\/informacionlocal.es\/it\/wp-json\/wp\/v2\/media\/6503"}],"wp:attachment":[{"href":"https:\/\/informacionlocal.es\/it\/wp-json\/wp\/v2\/media?parent=6506"}],"wp:term":[{"taxonomy":"category","embeddable":true,"href":"https:\/\/informacionlocal.es\/it\/wp-json\/wp\/v2\/categories?post=6506"},{"taxonomy":"post_tag","embeddable":true,"href":"https:\/\/informacionlocal.es\/it\/wp-json\/wp\/v2\/tags?post=6506"}],"curies":[{"name":"wp","href":"https:\/\/api.w.org\/{rel}","templated":true}]}}