{"id":6490,"date":"2025-07-06T14:01:23","date_gmt":"2025-07-06T13:01:23","guid":{"rendered":"https:\/\/informacionlocal.es\/i-residenti-di-puerto-del-rosario-sono-addestrati-alluso-del-dae-defibrillatore-semiautomatico\/"},"modified":"2025-07-06T14:01:23","modified_gmt":"2025-07-06T13:01:23","slug":"i-residenti-di-puerto-del-rosario-sono-addestrati-alluso-del-dae-defibrillatore-semiautomatico","status":"publish","type":"post","link":"https:\/\/informacionlocal.es\/it\/i-residenti-di-puerto-del-rosario-sono-addestrati-alluso-del-dae-defibrillatore-semiautomatico\/","title":{"rendered":"I residenti di Puerto del Rosario sono addestrati all&#8217;uso del DAE (defibrillatore semiautomatico)."},"content":{"rendered":"<div class=\"entry-content\">\n<p>Sabato 5 luglio \u00e8 iniziata la prima delle tre sessioni di formazione che si terranno in diversi centri culturali del comune, finalizzate all&#8217;addestramento all&#8217;uso del DAE (defibrillatore semiautomatico).<\/p>\n<p>Il <strong>defibrillatore semiautomatico esterno (DAE)<\/strong> \u00e8 un dispositivo portatile che analizza il ritmo cardiaco di una persona e, se rileva un&#8217;anomalia, eroga una scarica elettrica controllata.<\/p>\n<p>\u00c8 stato progettato per essere utilizzato anche da persone che non hanno una formazione medica, e ci\u00f2 lo rende un salvavita in caso di emergenza. \u00c8 essenziale avere un DAE in luoghi come palestre, uffici, aree commerciali e luoghi simili. <\/p>\n<p>Il <strong>sindaco,<\/strong><strong>David de Vera, ha<\/strong> sottolineato &#8220;l&#8217;importanza di effettuare questa formazione tra i nostri vicini in modo che possano agire con garanzie se necessario&#8221;.<\/p>\n<p>L&#8217;<strong>assessore alla Partecipazione cittadina, Jenifer P\u00e9rez, ha<\/strong> dichiarato: &#8220;Ringraziamo le associazioni che hanno donato i loro spazi, affinch\u00e9 i residenti del comune possano continuare a conoscere questo importante tema della salute&#8221;.<\/p>\n<p>L&#8217;<strong> assessore alla Salute pubblica, Rosa Rodr\u00edguez<\/strong>, ha sottolineato che &#8220;continueremo a formare i nostri residenti con l&#8217;obiettivo di diventare un comune cardioprotetto e continueremo a realizzare azioni di questo tipo&#8221;.<\/p>\n<p>A questa prima giornata, che si \u00e8 svolta nel Centro culturale di Tesjuate, hanno partecipato i residenti di Tesjuate, Los Llanos, El Matorral e Llanos de la Concepci\u00f3n.<\/p>\n<\/p>\n<\/div>\n","protected":false},"excerpt":{"rendered":"<p>Sabato 5 luglio \u00e8 iniziata la prima delle tre sessioni di formazione che si terranno in diversi centri culturali del comune, finalizzate all&#8217;addestramento all&#8217;uso del DAE (defibrillatore semiautomatico). Il defibrillatore [&hellip;]<\/p>\n","protected":false},"author":1,"featured_media":6488,"comment_status":"open","ping_status":"open","sticky":false,"template":"","format":"standard","meta":{"inline_featured_image":false,"jnews-multi-image_gallery":[],"jnews_single_post":[],"jnews_primary_category":[],"jnews_social_meta":[],"jnews_override_counter":[],"jnews_post_split":[],"footnotes":""},"categories":[295],"tags":[],"class_list":["post-6490","post","type-post","status-publish","format-standard","has-post-thumbnail","hentry","category-puerto-del-rosario-it"],"jetpack_featured_media_url":"https:\/\/informacionlocal.es\/wp-content\/uploads\/2025\/07\/desfi-titu-grupo-ppal.jpg","_links":{"self":[{"href":"https:\/\/informacionlocal.es\/it\/wp-json\/wp\/v2\/posts\/6490","targetHints":{"allow":["GET"]}}],"collection":[{"href":"https:\/\/informacionlocal.es\/it\/wp-json\/wp\/v2\/posts"}],"about":[{"href":"https:\/\/informacionlocal.es\/it\/wp-json\/wp\/v2\/types\/post"}],"author":[{"embeddable":true,"href":"https:\/\/informacionlocal.es\/it\/wp-json\/wp\/v2\/users\/1"}],"replies":[{"embeddable":true,"href":"https:\/\/informacionlocal.es\/it\/wp-json\/wp\/v2\/comments?post=6490"}],"version-history":[{"count":0,"href":"https:\/\/informacionlocal.es\/it\/wp-json\/wp\/v2\/posts\/6490\/revisions"}],"wp:featuredmedia":[{"embeddable":true,"href":"https:\/\/informacionlocal.es\/it\/wp-json\/wp\/v2\/media\/6488"}],"wp:attachment":[{"href":"https:\/\/informacionlocal.es\/it\/wp-json\/wp\/v2\/media?parent=6490"}],"wp:term":[{"taxonomy":"category","embeddable":true,"href":"https:\/\/informacionlocal.es\/it\/wp-json\/wp\/v2\/categories?post=6490"},{"taxonomy":"post_tag","embeddable":true,"href":"https:\/\/informacionlocal.es\/it\/wp-json\/wp\/v2\/tags?post=6490"}],"curies":[{"name":"wp","href":"https:\/\/api.w.org\/{rel}","templated":true}]}}