{"id":6338,"date":"2025-07-05T23:03:10","date_gmt":"2025-07-05T22:03:10","guid":{"rendered":"https:\/\/informacionlocal.es\/quando-la-musica-delle-feste-proveniva-da-una-cassetta-in-unauto-aperta\/"},"modified":"2025-07-05T23:03:10","modified_gmt":"2025-07-05T22:03:10","slug":"quando-la-musica-delle-feste-proveniva-da-una-cassetta-in-unauto-aperta","status":"publish","type":"post","link":"https:\/\/informacionlocal.es\/it\/quando-la-musica-delle-feste-proveniva-da-una-cassetta-in-unauto-aperta\/","title":{"rendered":"Quando la musica delle Feste proveniva da una cassetta in un&#8217;auto aperta"},"content":{"rendered":"<div class=\"elementor-widget-container\">\n<p><strong>Preg\u00f3n a Las Salinas della famiglia Herrera Dom\u00ednguez Quando la musica delle Fiestas proveniva da una cassetta in un&#8217;auto aperta<\/strong><\/p>\n<p><strong>&#8211; Domenica Festival dei bambini, settimana di laboratori, concorsi e spettacoli musicali.  <\/strong><br \/><strong>&#8211; Il prossimo fine settimana, il grande spettacolo di fuochi d&#8217;artificio a mezzanotte, interrompendo per un attimo la Verbena con i gruppi Kandela, Pachanga e l&#8217;Orchestra Estrella Latina.<\/strong><\/p>\n<p>Las Salinas ha iniziato le sue Feste in onore di Nuestra Se\u00f1ora del Carmen con una proclamazione familiare da parte dei fratelli Herrera Dom\u00ednguez, che hanno ricordato come la prima Festa ufficiale in questo villaggio costiero sia stata il risultato dell&#8217;iniziativa di due vicini di casa che sono riusciti a raggiungere il Municipio di Antigua, riportando il loro sostegno e l&#8217;esibizione de Los Idolos, su un palco che non ha resistito a un salto di prova e ha dovuto essere rattoppato.<\/p>\n<p>Per la famiglia si mettevano cento pesetas per la grigliata popolare e la musica d&#8217;ambiente veniva dalla cassetta a tutto volume in un&#8217;auto con i finestrini abbassati, hanno ricordato i piagnoni davanti a un pubblico che li salutava e li applaudiva, incoraggiandoli a continuare nei momenti in cui l&#8217;emozione annegava le parole.<\/p>\n<p>Il sindaco, Mat\u00edas Pe\u00f1a Garc\u00eda, ha dato il benvenuto alle feste, sottolineando il lavoro del Comitato per le feste, con Guillermo P\u00e9rez Guti\u00e9rrez come portavoce e rappresentante dei residenti coinvolti nell&#8217;organizzazione e nell&#8217;offerta, insieme al Dipartimento delle feste diretto da Pedro M. Armas, di un programma completo in cui gli spettacoli musicali fino a quando il corpo non ce la fa sono la norma, insieme a gare di pesca e di dolci, laboratori di artigianato e feste per bambini come quella che viene offerta questa domenica dalle 12:00 al pomeriggio.<\/p>\n<p>Tra le esibizioni pi\u00f9 popolari e conosciute di queste feste c&#8217;\u00e8 stata quella di Paco Salinas, che ha ricevuto una targa di ringraziamento dai banditori della citt\u00e0 per i suoi molti anni di partecipazione a queste feste patronali.<\/p>\n<p>Gli spettacoli musicali si susseguono quasi sempre ogni sera, dice il consigliere Armas, che ricorda che dopo i concerti di Aleo, Mejor con Copas e la Banda del Cuco di venerd\u00ec sera, sabato arriveranno i Verbena con i gruppi Kandela, Pachanga e l&#8217;Orchestra Estrella Latrina, che interromperanno la musica solo per assistere allo spettacolo pirotecnico acquatico-terrestre di mezzanotte.<\/p>\n<\/div>\n","protected":false},"excerpt":{"rendered":"<p><strong>Preg\u00f3n a Las Salinas della famiglia Herrera Dom\u00ednguez Quando la musica delle Fiestas proveniva da una cassetta in un&#8217;auto aperta<\/strong><\/p>\n","protected":false},"author":1,"featured_media":6334,"comment_status":"open","ping_status":"open","sticky":false,"template":"","format":"standard","meta":{"inline_featured_image":false,"jnews-multi-image_gallery":[],"jnews_single_post":[],"jnews_primary_category":[],"jnews_social_meta":[],"jnews_override_counter":[],"jnews_post_split":[],"footnotes":""},"categories":[282],"tags":[],"class_list":["post-6338","post","type-post","status-publish","format-standard","has-post-thumbnail","hentry","category-antigua-it"],"jetpack_featured_media_url":"https:\/\/informacionlocal.es\/wp-content\/uploads\/2025\/07\/fiesta-las-salinas.jpg","_links":{"self":[{"href":"https:\/\/informacionlocal.es\/it\/wp-json\/wp\/v2\/posts\/6338","targetHints":{"allow":["GET"]}}],"collection":[{"href":"https:\/\/informacionlocal.es\/it\/wp-json\/wp\/v2\/posts"}],"about":[{"href":"https:\/\/informacionlocal.es\/it\/wp-json\/wp\/v2\/types\/post"}],"author":[{"embeddable":true,"href":"https:\/\/informacionlocal.es\/it\/wp-json\/wp\/v2\/users\/1"}],"replies":[{"embeddable":true,"href":"https:\/\/informacionlocal.es\/it\/wp-json\/wp\/v2\/comments?post=6338"}],"version-history":[{"count":0,"href":"https:\/\/informacionlocal.es\/it\/wp-json\/wp\/v2\/posts\/6338\/revisions"}],"wp:featuredmedia":[{"embeddable":true,"href":"https:\/\/informacionlocal.es\/it\/wp-json\/wp\/v2\/media\/6334"}],"wp:attachment":[{"href":"https:\/\/informacionlocal.es\/it\/wp-json\/wp\/v2\/media?parent=6338"}],"wp:term":[{"taxonomy":"category","embeddable":true,"href":"https:\/\/informacionlocal.es\/it\/wp-json\/wp\/v2\/categories?post=6338"},{"taxonomy":"post_tag","embeddable":true,"href":"https:\/\/informacionlocal.es\/it\/wp-json\/wp\/v2\/tags?post=6338"}],"curies":[{"name":"wp","href":"https:\/\/api.w.org\/{rel}","templated":true}]}}